{"id":7978,"global_id":"comradespartenariat.com\/en\/?id=7978","global_id_lineage":["comradespartenariat.com\/en\/?id=7978"],"author":"3","status":"publish","date":"2025-05-05 09:56:47","date_utc":"2025-05-05 14:56:47","modified":"2025-05-05 10:05:47","modified_utc":"2025-05-05 15:05:47","url":"https:\/\/comradespartenariat.com\/en\/evenement\/midi-discussion-avec-yvonne-donders\/","rest_url":"https:\/\/comradespartenariat.com\/en\/wp-json\/tribe\/events\/v1\/events\/7978","title":"Midi-discussion avec Yvonne Donders","description":"<h2 style=\"font-family: var( --e-global-typography-secondary-font-family ), Sans-serif; font-size: var( --e-global-typography-secondary-font-size ); line-height: var( --e-global-typography-secondary-line-height ); font-weight: var( --e-global-typography-secondary-font-weight ); text-transform: none; margin-top: 1.06em; margin-bottom: 0.77em;\">Midi-discussion avec Yvonne Donders. From Norm Monitoring to Climate Engagement: The Role of the UN Human Rights Committee <\/h2>\n<p>La <a title=\"https:\/\/www.unescodec.chaire.ulaval.ca\/\" href=\"https:\/\/www.unescodec.chaire.ulaval.ca\/\" target=\"_blank\" rel=\"noopener\">Chaire UNESCO sur la diversit\u00e9 des expressions culturelles<\/a>, en partenariat avec le <a title=\"https:\/\/www.cedac.fd.ulaval.ca\/\" href=\"https:\/\/www.cedac.fd.ulaval.ca\/\" target=\"_blank\" rel=\"noopener\">Centre d\u2019\u00e9tudes en droit administratif et constitutionnel<\/a> (CEDAC), la <a title=\"https:\/\/comradespartenariat.com\/\" href=\"https:\/\/comradespartenariat.com\/\" target=\"_blank\" rel=\"noopener\">Communaut\u00e9 de recherche-action sur les droits \u00e9conomiques et sociaux<\/a> (COMRADES) et la <a title=\"https:\/\/www.crcde.ulaval.ca\/\" href=\"https:\/\/www.crcde.ulaval.ca\/\">Chaire de recherche du Canada en droit de l\u2019environnement<\/a> (CRCDE), a le plaisir d\u2019accueillir Yvonne Donders, professeure \u00e0 la Facult\u00e9 de droit de l\u2019Universit\u00e9 d\u2019Amsterdam et membre du Comit\u00e9 des droits de l\u2019homme des Nations Unies dans le cadre d&#8217;une conf\u00e9rence-midi.<\/p>\n<p>Lors de cette conf\u00e9rence, la professeure <a href=\"https:\/\/www.uva.nl\/en\/profile\/d\/o\/y.m.donders\/y.m.donders.html?cb\">Yvonne Donders<\/a> explorera le r\u00f4le des comit\u00e9s conventionnels au sein du syst\u00e8me des Nations Unies, et en particulier celui du Comit\u00e9 des droits de l\u2019homme sur lequel elle si\u00e8ge depuis 2023. Son intervention portera \u00e9galement sur la mani\u00e8re dont le Comit\u00e9 des droits de l\u2019homme se saisit actuellement des enjeux li\u00e9s \u00e0 la protection de l\u2019environnement et aux changements climatiques dans le cadre de ses travaux. <\/p>\n<p>Cette conf\u00e9rence est en anglais.<\/p>\n<p style=\"text-align: center;\"><span class=\"trx_addons_accent\"><strong>Lien d&#8217;inscription (gratuit) : <a href=\"https:\/\/www.fd.ulaval.ca\/evenements\/midi-discussion-avec-yvonne-donders-norm-monitoring-climate-engagement-role-un-human-rights-committee\">cliquez-ici <\/a> <\/strong><\/span><\/p>\n<p><small><em>Yvonne Donders est directrice de l&#8217;Amsterdam Graduate School of Law et professeure de droit international des droits humains au d\u00e9partement de droit international et europ\u00e9en de l&#8217;<a title=\"https:\/\/www.uva.nl\/en\/profile\/d\/o\/y.m.donders\/y.m.donders.html\" href=\"https:\/\/www.uva.nl\/en\/profile\/d\/o\/y.m.donders\/y.m.donders.html\" target=\"_blank\" rel=\"noopener\">Universit\u00e9 d&#8217;Amsterdam<\/a>. Elle est membre \u00e9lue du Comit\u00e9 des droits de l&#8217;homme des Nations Unies pour le mandat 2023-2027. <\/em><\/small><\/p>\n<p><small><em>Yvonne Donders est titulaire d&#8217;un doctorat de la facult\u00e9 de droit de l&#8217;Universit\u00e9 de Maastricht sur les droits culturels et le droit \u00e0 l&#8217;identit\u00e9 culturelle. Ses recherches et son enseignement actuels portent sur le droit international public, le droit international des droits humains, en particulier les droits \u00e9conomiques, sociaux et culturels, les droits humains et la diversit\u00e9 culturelle, ainsi que le droit \u00e0 la science. Elle est actuellement membre du comit\u00e9 directeur du Netherlands Network of Human Rights Research (<a title=\"https:\/\/www.asser.nl\/nnhrr\/about-us\/\" href=\"https:\/\/www.asser.nl\/nnhrr\/about-us\/\" target=\"_blank\" rel=\"noopener\">NNHRR<\/a>) et membre du comit\u00e9 de r\u00e9daction et r\u00e9dactrice en chef du Netherlands Quarterly of Human Rights (<a title=\"https:\/\/journals.sagepub.com\/home\/nqh\" href=\"https:\/\/journals.sagepub.com\/home\/nqh\" target=\"_blank\" rel=\"noopener\">NQHR<\/a>). Auparavant, elle a \u00e9t\u00e9 chef du d\u00e9partement de droit international et europ\u00e9en (2015-2022) et a travaill\u00e9 comme commissaire aupr\u00e8s du <a title=\"https:\/\/www.mensenrechten.nl\/\" href=\"https:\/\/www.mensenrechten.nl\/\" target=\"_blank\" rel=\"noopener\">Netherlands National Human Rights Institute<\/a> (2019-2022). Elle a \u00e9galement travaill\u00e9 en tant que Sp\u00e9cialiste de programme Droits humains au si\u00e8ge de l&#8217;UNESCO \u00e0 Paris (2003-2006).    <\/em><\/small><\/p>","excerpt":"<p>Yvonne Donders explore le r\u00f4le du Comit\u00e9 des droits de l\u2019homme, notamment face aux enjeux li\u00e9s aux changements climatiques&#8230;<\/p>","slug":"midi-discussion-avec-yvonne-donders","image":{"url":"https:\/\/comradespartenariat.com\/wp-content\/uploads\/2025\/05\/Yvonne-Donders.jpg","id":7973,"extension":"jpg","width":720,"height":480,"filesize":56869,"sizes":{"medium":{"width":300,"height":200,"mime-type":"image\/jpeg","filesize":8487,"url":"https:\/\/comradespartenariat.com\/wp-content\/uploads\/2025\/05\/Yvonne-Donders-300x200.jpg"},"thumbnail":{"width":150,"height":150,"mime-type":"image\/jpeg","filesize":3699,"url":"https:\/\/comradespartenariat.com\/wp-content\/uploads\/2025\/05\/Yvonne-Donders-150x150.jpg"},"post-thumbnail":{"width":370,"height":247,"mime-type":"image\/jpeg","filesize":11915,"url":"https:\/\/comradespartenariat.com\/wp-content\/uploads\/2025\/05\/Yvonne-Donders-370x247.jpg"},"pinevale-thumb-big":{"width":720,"height":342,"mime-type":"image\/jpeg","filesize":30710,"url":"https:\/\/comradespartenariat.com\/wp-content\/uploads\/2025\/05\/Yvonne-Donders-720x342.jpg"},"pinevale-thumb-med":{"width":407,"height":229,"mime-type":"image\/jpeg","filesize":12209,"url":"https:\/\/comradespartenariat.com\/wp-content\/uploads\/2025\/05\/Yvonne-Donders-407x229.jpg"},"pinevale-thumb-med-@retina":{"width":720,"height":458,"mime-type":"image\/jpeg","filesize":39319,"url":"https:\/\/comradespartenariat.com\/wp-content\/uploads\/2025\/05\/Yvonne-Donders-720x458.jpg"},"pinevale-thumb-tiny":{"width":90,"height":90,"mime-type":"image\/jpeg","filesize":1768,"url":"https:\/\/comradespartenariat.com\/wp-content\/uploads\/2025\/05\/Yvonne-Donders-90x90.jpg"},"pinevale-thumb-tiny-@retina":{"width":180,"height":180,"mime-type":"image\/jpeg","filesize":5081,"url":"https:\/\/comradespartenariat.com\/wp-content\/uploads\/2025\/05\/Yvonne-Donders-180x180.jpg"},"pinevale-thumb-masonry":{"width":407,"height":271,"mime-type":"image\/jpeg","filesize":14085,"url":"https:\/\/comradespartenariat.com\/wp-content\/uploads\/2025\/05\/Yvonne-Donders-407x271.jpg"},"pinevale-thumb-extra":{"width":407,"height":251,"mime-type":"image\/jpeg","filesize":13416,"url":"https:\/\/comradespartenariat.com\/wp-content\/uploads\/2025\/05\/Yvonne-Donders-407x251.jpg"},"pinevale-thumb-simple":{"width":604,"height":480,"mime-type":"image\/jpeg","filesize":35073,"url":"https:\/\/comradespartenariat.com\/wp-content\/uploads\/2025\/05\/Yvonne-Donders-604x480.jpg"},"trx_addons-thumb-small":{"width":270,"height":152,"mime-type":"image\/jpeg","filesize":6104,"url":"https:\/\/comradespartenariat.com\/wp-content\/uploads\/2025\/05\/Yvonne-Donders-270x152.jpg"},"trx_addons-thumb-small-@retina":{"width":540,"height":304,"mime-type":"image\/jpeg","filesize":19124,"url":"https:\/\/comradespartenariat.com\/wp-content\/uploads\/2025\/05\/Yvonne-Donders-540x304.jpg"},"trx_addons-thumb-portrait":{"width":370,"height":480,"mime-type":"image\/jpeg","filesize":23175,"url":"https:\/\/comradespartenariat.com\/wp-content\/uploads\/2025\/05\/Yvonne-Donders-370x480.jpg"},"trx_addons-thumb-avatar":{"width":370,"height":370,"mime-type":"image\/jpeg","filesize":16760,"url":"https:\/\/comradespartenariat.com\/wp-content\/uploads\/2025\/05\/Yvonne-Donders-370x370.jpg"},"trx_socials-thumb-avatar":{"width":370,"height":370,"mime-type":"image\/jpeg","filesize":16760,"url":"https:\/\/comradespartenariat.com\/wp-content\/uploads\/2025\/05\/Yvonne-Donders-370x370.jpg"},"cmplz_banner_image":{"width":350,"height":100,"mime-type":"image\/jpeg","filesize":6245,"url":"https:\/\/comradespartenariat.com\/wp-content\/uploads\/2025\/05\/Yvonne-Donders-350x100.jpg"}}},"all_day":false,"start_date":"2025-05-16 11:30:00","start_date_details":{"year":"2025","month":"05","day":"16","hour":"11","minutes":"30","seconds":"00"},"end_date":"2025-05-16 12:30:00","end_date_details":{"year":"2025","month":"05","day":"16","hour":"12","minutes":"30","seconds":"00"},"utc_start_date":"2025-05-16 15:30:00","utc_start_date_details":{"year":"2025","month":"05","day":"16","hour":"15","minutes":"30","seconds":"00"},"utc_end_date":"2025-05-16 16:30:00","utc_end_date_details":{"year":"2025","month":"05","day":"16","hour":"16","minutes":"30","seconds":"00"},"timezone":"UTC-5","timezone_abbr":"UTC-5","cost":"Gratuit","cost_details":{"currency_symbol":"","currency_code":"","currency_position":"","values":["gratuit"]},"website":"https:\/\/www.fd.ulaval.ca\/evenements\/midi-discussion-avec-yvonne-donders-norm-monitoring-climate-engagement-role-un-human-rights-committee","show_map":false,"show_map_link":false,"hide_from_listings":false,"sticky":false,"featured":false,"categories":[],"tags":[],"venue":{"id":7974,"author":"3","status":"publish","date":"2025-05-05 09:56:47","date_utc":"2025-05-05 14:56:47","modified":"2025-05-05 09:56:47","modified_utc":"2025-05-05 14:56:47","url":"https:\/\/comradespartenariat.com\/venue\/salle-5168-pavillon-charles-de-koninck-universite-laval-quebec\/","venue":"Salle 5168, pavillon Charles-De Koninck, Universit\u00e9 Laval, Qu\u00e9bec","slug":"salle-5168-pavillon-charles-de-koninck-universite-laval-quebec","json_ld":{"@type":"Place","name":"Salle 5168, pavillon Charles-De Koninck, Universit\u00e9 Laval, Qu\u00e9bec","description":"","url":"","address":{"@type":"PostalAddress"},"telephone":"","sameAs":""},"show_map":true,"show_map_link":true,"global_id":"comradespartenariat.com\/en\/?id=7974","global_id_lineage":["comradespartenariat.com\/en\/?id=7974"]},"organizer":[{"id":7975,"author":"3","status":"publish","date":"2025-05-05 09:56:47","date_utc":"2025-05-05 14:56:47","modified":"2025-05-05 09:56:47","modified_utc":"2025-05-05 14:56:47","url":"https:\/\/comradespartenariat.com\/organizer\/la-chaire-unesco-sur-la-diversite-des-expressions-culturelles-en-partenariat-avec-le-centre-detudes-en-droit-administratif-et-constitutionnel-cedac-la-communaute-de-recherche-action-sur-l\/","organizer":"La Chaire UNESCO sur la diversit\u00e9 des expressions culturelles, en partenariat avec le Centre d\u2019\u00e9tudes en droit administratif et constitutionnel (CEDAC), la Communaut\u00e9 de recherche-action sur les droits \u00e9conomiques et sociaux (COMRADES) et la Chaire de recherche du Canada en droit de l\u2019environnement (CRCDE)","slug":"la-chaire-unesco-sur-la-diversite-des-expressions-culturelles-en-partenariat-avec-le-centre-detudes-en-droit-administratif-et-constitutionnel-cedac-la-communaute-de-recherche-action-sur-l","json_ld":{"@type":"Person","name":"La Chaire UNESCO sur la diversit\u00e9 des expressions culturelles, en partenariat avec le Centre d\u2019\u00e9tudes en droit administratif et constitutionnel (CEDAC), la Communaut\u00e9 de recherche-action sur les droits \u00e9conomiques et sociaux (COMRADES) et la Chaire de recherche du Canada en droit de l\u2019environnement (CRCDE)","description":"","url":"","telephone":"","email":"","sameAs":""},"global_id":"comradespartenariat.com\/en\/?id=7975","global_id_lineage":["comradespartenariat.com\/en\/?id=7975"]}],"custom_fields":[],"json_ld":{"@context":"http:\/\/schema.org","@type":"Event","name":"Midi-discussion avec Yvonne Donders","description":"&lt;p&gt;Yvonne Donders explore le r\u00f4le du Comit\u00e9 des droits de l\u2019homme, notamment face aux enjeux li\u00e9s aux changements climatiques...&lt;\/p&gt;\\n","image":"https:\/\/comradespartenariat.com\/wp-content\/uploads\/2025\/05\/Yvonne-Donders.jpg","url":"https:\/\/comradespartenariat.com\/en\/evenement\/midi-discussion-avec-yvonne-donders\/","eventAttendanceMode":"https:\/\/schema.org\/OfflineEventAttendanceMode","eventStatus":"https:\/\/schema.org\/EventScheduled","startDate":"2025-05-16T11:30:00-05:00","endDate":"2025-05-16T12:30:00-05:00","location":{"@type":"Place","name":"Salle 5168, pavillon Charles-De Koninck, Universit\u00e9 Laval, Qu\u00e9bec","description":"","url":"","address":{"@type":"PostalAddress"},"telephone":"","sameAs":""},"organizer":{"@type":"Person","name":"La Chaire UNESCO sur la diversit\u00e9 des expressions culturelles, en partenariat avec le Centre d\u2019\u00e9tudes en droit administratif et constitutionnel (CEDAC), la Communaut\u00e9 de recherche-action sur les droits \u00e9conomiques et sociaux (COMRADES) et la Chaire de recherche du Canada en droit de l\u2019environnement (CRCDE)","description":"","url":"","telephone":"","email":"","sameAs":""},"offers":{"@type":"Offer","price":"Gratuit","priceCurrency":"CAD","url":"https:\/\/comradespartenariat.com\/en\/evenement\/midi-discussion-avec-yvonne-donders\/","category":"primary","availability":"inStock","validFrom":"2025-05-05T00:00:00+00:00"},"performer":"Organization"}}