{"id":8131,"global_id":"comradespartenariat.com\/en\/?id=8131","global_id_lineage":["comradespartenariat.com\/en\/?id=8131"],"author":"3","status":"publish","date":"2025-08-27 11:36:46","date_utc":"2025-08-27 16:36:46","modified":"2025-08-29 16:14:47","modified_utc":"2025-08-29 21:14:47","url":"https:\/\/comradespartenariat.com\/en\/evenement\/conference-le-droit-a-lalimentation-au-quebec-survol-et-perspectives-davenir\/","rest_url":"https:\/\/comradespartenariat.com\/en\/wp-json\/tribe\/events\/v1\/events\/8131","title":"Conf\u00e9rence &#8211; Le droit \u00e0 l\u2019alimentation au Qu\u00e9bec: Survol et perspectives d\u2019avenir","description":"<h2 style=\"font-family: var( --e-global-typography-secondary-font-family ), Sans-serif; font-size: var( --e-global-typography-secondary-font-size ); line-height: var( --e-global-typography-secondary-line-height ); font-weight: var( --e-global-typography-secondary-font-weight ); text-transform: none; margin-top: 1.06em; margin-bottom: 0.77em;\">Conf\u00e9rence-midi \u00abLe droit \u00e0 l\u2019alimentation au Qu\u00e9bec: Survol et perspectives d\u2019avenir\u00bb<\/h2>\n<section>\n<p class=\"p1\">COMRADES a le plaisir d&#8217;accueillir Jessica Dufresne pour une pr\u00e9sentation qui explorera la notion de droit \u00e0 l\u2019alimentation et l\u2019\u00e9tat de sa (non) garantie au Canada, et plus sp\u00e9cifiquement au Qu\u00e9bec. Il sera \u00e9galement question de la d\u00e9marche de reconnaissance de ce droit men\u00e9e par le Regroupement des cuisines collectives du Qu\u00e9bec, o\u00f9 la pr\u00e9sentatrice travaille<span data-olk-copy-source=\"MessageBody\"> comme charg\u00e9e de projet sur le droit \u00e0 l\u2019alimentation<\/span>, qui aspire \u00e0 ce qu\u2019une loi-cadre sur le droit \u00e0 l\u2019alimentation voit le jour pour garantir ce droit au b\u00e9n\u00e9fice de l\u2019ensemble de la population et du territoire qu\u00e9b\u00e9cois.<\/p>\n<p><strong>Jessica Dufresne<\/strong> est docteure en droit (Universit\u00e9 d\u2019Ottawa) et milite depuis plusieurs ann\u00e9es pour la reconnaissance du droit \u00e0 l\u2019alimentation au Qu\u00e9bec. \u00c0 la fois charg\u00e9e de cours, chercheure et travailleuse communautaire, elle s\u2019assure de mener ses r\u00e9flexions sous l\u2019angle de ses expertises crois\u00e9es: acad\u00e9mique et terrain. Ses recherches portent notamment sur la transition des syst\u00e8mes alimentaires et abordent la notion de droit \u00e0 l\u2019alimentation en tant que moyen phare pour y parvenir. Elle y explore plus concr\u00e8tement le r\u00f4le des gouvernements locaux, municipalit\u00e9s et MRC qui, \u00e0 titre de gouvernement de proximit\u00e9, jouissent de plusieurs atouts pour contribuer \u00e0 cette transition. Elle croit fermement au r\u00f4le du palier local pour assurer une gouvernance plus juste, inclusive et durable des enjeux actuels et dans leur importance dans la garantie des droits fondamentaux des populations.<\/p>\n<\/section>\n<div class=\"accordion ui-accordion ui-widget ui-helper-reset\" role=\"tablist\" data-once=\"acc\"><\/div>\n<p><span class=\"trx_addons_accent\"><strong>Plus d&#8217;information et lien d&#8217;inscription (gratuit) : <a href=\"https:\/\/www.fd.ulaval.ca\/evenements\/conference-midi-le-droit-a-lalimentation-au-quebec-survol-et-perspectives-davenir\" target=\"_blank\" rel=\"noopener\">cliquez-ici <\/a> <\/strong><\/span><\/p>\n<p><em><small>FORMATION CONTINUE Les membres du Barreau et de la Chambre des notaires pr\u00e9sents recevront une attestation de participation pour 1h30.<\/small><\/em><small><\/small><\/p>","excerpt":"<p>Conf\u00e9rence sur le droit \u00e0 l\u2019alimentation et l\u2019\u00e9tat de sa (non) garantie au Canada, et plus sp\u00e9cifiquement au Qu\u00e9bec&#8230;<\/p>","slug":"conference-le-droit-a-lalimentation-au-quebec-survol-et-perspectives-davenir","image":{"url":"https:\/\/comradespartenariat.com\/wp-content\/uploads\/2025\/08\/Jessica-Dufresne.png","id":8128,"extension":"png","width":1920,"height":1080,"filesize":2446000,"sizes":{"medium":{"width":300,"height":169,"mime-type":"image\/png","filesize":27137,"url":"https:\/\/comradespartenariat.com\/wp-content\/uploads\/2025\/08\/Jessica-Dufresne-300x169.png"},"large":{"width":1024,"height":576,"mime-type":"image\/png","filesize":239931,"url":"https:\/\/comradespartenariat.com\/wp-content\/uploads\/2025\/08\/Jessica-Dufresne-1024x576.png"},"thumbnail":{"width":150,"height":150,"mime-type":"image\/png","filesize":13260,"url":"https:\/\/comradespartenariat.com\/wp-content\/uploads\/2025\/08\/Jessica-Dufresne-150x150.png"},"medium_large":{"width":768,"height":432,"mime-type":"image\/png","filesize":140561,"url":"https:\/\/comradespartenariat.com\/wp-content\/uploads\/2025\/08\/Jessica-Dufresne-768x432.png"},"1536x1536":{"width":1536,"height":864,"mime-type":"image\/png","filesize":507553,"url":"https:\/\/comradespartenariat.com\/wp-content\/uploads\/2025\/08\/Jessica-Dufresne-1536x864.png"},"post-thumbnail":{"width":370,"height":208,"mime-type":"image\/png","filesize":39068,"url":"https:\/\/comradespartenariat.com\/wp-content\/uploads\/2025\/08\/Jessica-Dufresne-370x208.png"},"pinevale-thumb-huge":{"width":1280,"height":720,"mime-type":"image\/png","filesize":361950,"url":"https:\/\/comradespartenariat.com\/wp-content\/uploads\/2025\/08\/Jessica-Dufresne-1280x720.png"},"pinevale-thumb-big":{"width":804,"height":342,"mime-type":"image\/png","filesize":119951,"url":"https:\/\/comradespartenariat.com\/wp-content\/uploads\/2025\/08\/Jessica-Dufresne-804x342.png"},"pinevale-thumb-big-@retina":{"width":1608,"height":684,"mime-type":"image\/png","filesize":429883,"url":"https:\/\/comradespartenariat.com\/wp-content\/uploads\/2025\/08\/Jessica-Dufresne-1608x684.png"},"pinevale-thumb-med":{"width":407,"height":229,"mime-type":"image\/png","filesize":45534,"url":"https:\/\/comradespartenariat.com\/wp-content\/uploads\/2025\/08\/Jessica-Dufresne-407x229.png"},"pinevale-thumb-med-@retina":{"width":814,"height":458,"mime-type":"image\/png","filesize":156474,"url":"https:\/\/comradespartenariat.com\/wp-content\/uploads\/2025\/08\/Jessica-Dufresne-814x458.png"},"pinevale-thumb-tiny":{"width":90,"height":90,"mime-type":"image\/png","filesize":5671,"url":"https:\/\/comradespartenariat.com\/wp-content\/uploads\/2025\/08\/Jessica-Dufresne-90x90.png"},"pinevale-thumb-tiny-@retina":{"width":180,"height":180,"mime-type":"image\/png","filesize":18508,"url":"https:\/\/comradespartenariat.com\/wp-content\/uploads\/2025\/08\/Jessica-Dufresne-180x180.png"},"pinevale-thumb-masonry-big":{"width":804,"height":452,"mime-type":"image\/png","filesize":152866,"url":"https:\/\/comradespartenariat.com\/wp-content\/uploads\/2025\/08\/Jessica-Dufresne-804x452.png"},"pinevale-thumb-masonry-big-@retina":{"width":1608,"height":905,"mime-type":"image\/png","filesize":557612,"url":"https:\/\/comradespartenariat.com\/wp-content\/uploads\/2025\/08\/Jessica-Dufresne-1608x905.png"},"pinevale-thumb-masonry":{"width":407,"height":229,"mime-type":"image\/png","filesize":45935,"url":"https:\/\/comradespartenariat.com\/wp-content\/uploads\/2025\/08\/Jessica-Dufresne-407x229.png"},"pinevale-thumb-masonry-@retina":{"width":814,"height":458,"mime-type":"image\/png","filesize":156645,"url":"https:\/\/comradespartenariat.com\/wp-content\/uploads\/2025\/08\/Jessica-Dufresne-814x458.png"},"pinevale-thumb-extra":{"width":407,"height":251,"mime-type":"image\/png","filesize":51005,"url":"https:\/\/comradespartenariat.com\/wp-content\/uploads\/2025\/08\/Jessica-Dufresne-407x251.png"},"pinevale-thumb-extra-@retina":{"width":814,"height":502,"mime-type":"image\/png","filesize":171139,"url":"https:\/\/comradespartenariat.com\/wp-content\/uploads\/2025\/08\/Jessica-Dufresne-814x502.png"},"pinevale-thumb-simple":{"width":604,"height":696,"mime-type":"image\/png","filesize":168629,"url":"https:\/\/comradespartenariat.com\/wp-content\/uploads\/2025\/08\/Jessica-Dufresne-604x696.png"},"pinevale-thumb-simple-@retina":{"width":1208,"height":1080,"mime-type":"image\/png","filesize":493475,"url":"https:\/\/comradespartenariat.com\/wp-content\/uploads\/2025\/08\/Jessica-Dufresne-1208x1080.png"},"trx_addons-thumb-small":{"width":270,"height":152,"mime-type":"image\/png","filesize":22458,"url":"https:\/\/comradespartenariat.com\/wp-content\/uploads\/2025\/08\/Jessica-Dufresne-270x152.png"},"trx_addons-thumb-small-@retina":{"width":540,"height":304,"mime-type":"image\/png","filesize":75080,"url":"https:\/\/comradespartenariat.com\/wp-content\/uploads\/2025\/08\/Jessica-Dufresne-540x304.png"},"trx_addons-thumb-portrait":{"width":370,"height":493,"mime-type":"image\/png","filesize":77116,"url":"https:\/\/comradespartenariat.com\/wp-content\/uploads\/2025\/08\/Jessica-Dufresne-370x493.png"},"trx_addons-thumb-portrait-@retina":{"width":740,"height":986,"mime-type":"image\/png","filesize":269965,"url":"https:\/\/comradespartenariat.com\/wp-content\/uploads\/2025\/08\/Jessica-Dufresne-740x986.png"},"trx_addons-thumb-avatar":{"width":370,"height":370,"mime-type":"image\/png","filesize":63885,"url":"https:\/\/comradespartenariat.com\/wp-content\/uploads\/2025\/08\/Jessica-Dufresne-370x370.png"},"trx_addons-thumb-avatar-@retina":{"width":740,"height":740,"mime-type":"image\/png","filesize":219233,"url":"https:\/\/comradespartenariat.com\/wp-content\/uploads\/2025\/08\/Jessica-Dufresne-740x740.png"},"trx_socials-thumb-avatar":{"width":370,"height":370,"mime-type":"image\/png","filesize":63885,"url":"https:\/\/comradespartenariat.com\/wp-content\/uploads\/2025\/08\/Jessica-Dufresne-370x370.png"},"cmplz_banner_image":{"width":350,"height":100,"mime-type":"image\/png","filesize":17821,"url":"https:\/\/comradespartenariat.com\/wp-content\/uploads\/2025\/08\/Jessica-Dufresne-350x100.png"}}},"all_day":false,"start_date":"2025-09-25 11:30:00","start_date_details":{"year":"2025","month":"09","day":"25","hour":"11","minutes":"30","seconds":"00"},"end_date":"2025-09-25 13:00:00","end_date_details":{"year":"2025","month":"09","day":"25","hour":"13","minutes":"00","seconds":"00"},"utc_start_date":"2025-09-25 15:30:00","utc_start_date_details":{"year":"2025","month":"09","day":"25","hour":"15","minutes":"30","seconds":"00"},"utc_end_date":"2025-09-25 17:00:00","utc_end_date_details":{"year":"2025","month":"09","day":"25","hour":"17","minutes":"00","seconds":"00"},"timezone":"UTC-5","timezone_abbr":"UTC-5","cost":"Gratuit","cost_details":{"currency_symbol":"","currency_code":"","currency_position":"","values":["gratuit"]},"website":"https:\/\/www.fd.ulaval.ca\/evenements\/conference-midi-le-droit-a-lalimentation-au-quebec-survol-et-perspectives-davenir","show_map":false,"show_map_link":false,"hide_from_listings":false,"sticky":false,"featured":false,"categories":[],"tags":[],"venue":{"id":8129,"author":"3","status":"publish","date":"2025-08-27 11:36:46","date_utc":"2025-08-27 16:36:46","modified":"2025-08-27 11:36:46","modified_utc":"2025-08-27 16:36:46","url":"https:\/\/comradespartenariat.com\/venue\/salle-2413-dkn-universite-laval-et-zoom\/","venue":"salle 2413 DKN Universit\u00e9 Laval et Zoom","slug":"salle-2413-dkn-universite-laval-et-zoom","json_ld":{"@type":"Place","name":"salle 2413 DKN Universit\u00e9 Laval et Zoom","description":"","url":"","address":{"@type":"PostalAddress"},"telephone":"","sameAs":""},"show_map":true,"show_map_link":true,"global_id":"comradespartenariat.com\/en\/?id=8129","global_id_lineage":["comradespartenariat.com\/en\/?id=8129"]},"organizer":[{"id":2405,"author":"1","status":"publish","date":"2023-02-20 21:15:45","date_utc":"2023-02-20 21:15:45","modified":"2023-02-20 21:15:45","modified_utc":"2023-02-20 21:15:45","url":"https:\/\/comradespartenariat.com\/organizer\/comrades\/","organizer":"COMRADES","slug":"comrades","json_ld":{"@type":"Person","name":"COMRADES","description":"","url":"","telephone":"","email":"","sameAs":""},"global_id":"comradespartenariat.com\/en\/?id=2405","global_id_lineage":["comradespartenariat.com\/en\/?id=2405"]}],"custom_fields":[],"json_ld":{"@context":"http:\/\/schema.org","@type":"Event","name":"Conf\u00e9rence &#8211; Le droit \u00e0 l\u2019alimentation au Qu\u00e9bec: Survol et perspectives d\u2019avenir","description":"&lt;p&gt;Conf\u00e9rence sur le droit \u00e0 l\u2019alimentation et l\u2019\u00e9tat de sa (non) garantie au Canada, et plus sp\u00e9cifiquement au Qu\u00e9bec...&lt;\/p&gt;\\n","image":"https:\/\/comradespartenariat.com\/wp-content\/uploads\/2025\/08\/Jessica-Dufresne.png","url":"https:\/\/comradespartenariat.com\/en\/evenement\/conference-le-droit-a-lalimentation-au-quebec-survol-et-perspectives-davenir\/","eventAttendanceMode":"https:\/\/schema.org\/OfflineEventAttendanceMode","eventStatus":"https:\/\/schema.org\/EventScheduled","startDate":"2025-09-25T11:30:00-05:00","endDate":"2025-09-25T13:00:00-05:00","location":{"@type":"Place","name":"salle 2413 DKN Universit\u00e9 Laval et Zoom","description":"","url":"","address":{"@type":"PostalAddress"},"telephone":"","sameAs":""},"organizer":{"@type":"Person","name":"COMRADES","description":"","url":"","telephone":"","email":"","sameAs":""},"offers":{"@type":"Offer","price":"Gratuit","priceCurrency":"CAD","url":"https:\/\/comradespartenariat.com\/en\/evenement\/conference-le-droit-a-lalimentation-au-quebec-survol-et-perspectives-davenir\/","category":"primary","availability":"inStock","validFrom":"2025-08-27T00:00:00+00:00"},"performer":"Organization"}}