{"id":7163,"date":"2024-05-02T13:03:05","date_gmt":"2024-05-02T18:03:05","guid":{"rendered":"https:\/\/comradespartenariat.com\/blog\/2024\/05\/02\/commentaires-de-la-cdpdj-projet-de-loi-n-23-sur-linstruction-publique\/"},"modified":"2024-05-02T13:39:33","modified_gmt":"2024-05-02T18:39:33","slug":"commentaires-de-la-cdpdj-projet-de-loi-n-23-sur-linstruction-publique","status":"publish","type":"post","link":"https:\/\/comradespartenariat.com\/en\/commentaires-de-la-cdpdj-projet-de-loi-n-23-sur-linstruction-publique\/","title":{"rendered":"Commentaires de la CDPDJ : projet de loi n\u00b0 23 sur l&#8217;instruction publique"},"content":{"rendered":"\t\t<div data-elementor-type=\"wp-post\" data-elementor-id=\"7163\" class=\"elementor elementor-7163 elementor-7154\" data-elementor-post-type=\"post\">\n\t\t\t\t\t\t<section class=\"elementor-section elementor-top-section elementor-element elementor-element-1acfd0bf elementor-section-stretched elementor-section-boxed elementor-section-height-default elementor-section-height-default\" data-id=\"1acfd0bf\" data-element_type=\"section\" data-e-type=\"section\" data-settings=\"{&quot;stretch_section&quot;:&quot;section-stretched&quot;}\">\n\t\t\t\t\t\t<div class=\"elementor-container elementor-column-gap-default\">\n\t\t\t\t\t<div class=\"elementor-column elementor-col-100 elementor-top-column elementor-element elementor-element-1a278e5f sc_layouts_column_icons_position_left\" data-id=\"1a278e5f\" data-element_type=\"column\" data-e-type=\"column\">\n\t\t\t<div class=\"elementor-widget-wrap elementor-element-populated\">\n\t\t\t\t\t\t<section class=\"elementor-section elementor-inner-section elementor-element elementor-element-4c3c5b3f elementor-section-boxed elementor-section-height-default elementor-section-height-default elementor-invisible\" data-id=\"4c3c5b3f\" data-element_type=\"section\" data-e-type=\"section\" data-settings=\"{&quot;animation&quot;:&quot;fadeInUp&quot;}\">\n\t\t\t\t\t\t<div class=\"elementor-container elementor-column-gap-extended\">\n\t\t\t\t\t<div class=\"elementor-column elementor-col-50 elementor-inner-column elementor-element elementor-element-469f70db sc_layouts_column_icons_position_left\" data-id=\"469f70db\" data-element_type=\"column\" data-e-type=\"column\">\n\t\t\t<div class=\"elementor-widget-wrap elementor-element-populated\">\n\t\t\t\t\t\t<div class=\"elementor-element elementor-element-6c529752 elementor-widget elementor-widget-image\" data-id=\"6c529752\" data-element_type=\"widget\" data-e-type=\"widget\" data-widget_type=\"image.default\">\n\t\t\t\t<div class=\"elementor-widget-container\">\n\t\t\t\t\t\t\t\t\t\t\t\t\t\t\t<img fetchpriority=\"high\" decoding=\"async\" width=\"1436\" height=\"875\" src=\"https:\/\/comradespartenariat.com\/wp-content\/uploads\/2024\/05\/CDPDJ-projet-loi-23.png\" class=\"attachment-full size-full wp-image-7158\" alt=\"CDPDJ projet loi 23\" srcset=\"https:\/\/comradespartenariat.com\/wp-content\/uploads\/2024\/05\/CDPDJ-projet-loi-23.png 1436w, https:\/\/comradespartenariat.com\/wp-content\/uploads\/2024\/05\/CDPDJ-projet-loi-23-300x183.png 300w, https:\/\/comradespartenariat.com\/wp-content\/uploads\/2024\/05\/CDPDJ-projet-loi-23-1024x624.png 1024w, https:\/\/comradespartenariat.com\/wp-content\/uploads\/2024\/05\/CDPDJ-projet-loi-23-768x468.png 768w, https:\/\/comradespartenariat.com\/wp-content\/uploads\/2024\/05\/CDPDJ-projet-loi-23-370x225.png 370w, https:\/\/comradespartenariat.com\/wp-content\/uploads\/2024\/05\/CDPDJ-projet-loi-23-804x490.png 804w, https:\/\/comradespartenariat.com\/wp-content\/uploads\/2024\/05\/CDPDJ-projet-loi-23-407x248.png 407w, https:\/\/comradespartenariat.com\/wp-content\/uploads\/2024\/05\/CDPDJ-projet-loi-23-814x496.png 814w\" sizes=\"(max-width: 1436px) 100vw, 1436px\" \/>\t\t\t\t\t\t\t\t\t\t\t\t\t\t\t<\/div>\n\t\t\t\t<\/div>\n\t\t\t\t\t<\/div>\n\t\t<\/div>\n\t\t\t\t<div class=\"elementor-column elementor-col-50 elementor-inner-column elementor-element elementor-element-47faec0 sc_layouts_column_icons_position_left\" data-id=\"47faec0\" data-element_type=\"column\" data-e-type=\"column\">\n\t\t\t<div class=\"elementor-widget-wrap elementor-element-populated\">\n\t\t\t\t\t\t<div class=\"elementor-element elementor-element-12f991fb elementor-widget elementor-widget-heading\" data-id=\"12f991fb\" data-element_type=\"widget\" data-e-type=\"widget\" data-widget_type=\"heading.default\">\n\t\t\t\t<div class=\"elementor-widget-container\">\n\t\t\t\t\t<h3 class=\"elementor-heading-title elementor-size-default\">Commentaires de la CDPDJ : projet de loi n\u00b0 23 sur l'instruction publique<\/h3>\t\t\t\t<\/div>\n\t\t\t\t<\/div>\n\t\t\t\t<div class=\"elementor-element elementor-element-e1ad97e elementor-widget elementor-widget-text-editor\" data-id=\"e1ad97e\" data-element_type=\"widget\" data-e-type=\"widget\" data-widget_type=\"text-editor.default\">\n\t\t\t\t<div class=\"elementor-widget-container\">\n\t\t\t\t\t\t\t\t\t<p>La <a href=\"https:\/\/www.cdpdj.qc.ca\/fr\" target=\"_blank\" rel=\"noopener\"><span style=\"color: #7263a9;\">Commission des droits de la personne et des droits de la jeunesse<\/span><\/a>, organisme partenaire de COMRADES, publie ses commentaires sur <span style=\"font-size: 15px; color: var( --e-global-color-58b05bf ); letter-spacing: var( --e-global-typography-text-letter-spacing ); text-transform: var( --e-global-typography-text-text-transform );\">le projet de loi no 23, <em>Loi modifiant principalement la Loi sur l\u2019instruction publique et \u00e9dictant la Loi sur l\u2019Institut national d\u2019excellence en \u00e9ducation<\/em>.<\/span><\/p>\n<p>Les commentaires sont adress\u00e9s \u00e0 la <a href=\"https:\/\/www.assnat.qc.ca\/fr\/travaux-parlementaires\/commissions\/cce-42-1\/index.html\">Commission de la culture et de l\u2019\u00e9ducation de l&#8217;Assembl\u00e9e nationale<\/a>, et abordent notamment l&#8217;impact de conditions de scolarisation inad\u00e9quates sur la r\u00e9ussite \u00e9ducative des \u00e9l\u00e8ves et les failles dans la collecte de donn\u00e9es (notamment pour les \u00e9l\u00e8ves racis\u00e9s et HDAA).<\/p>\n<p>Pour r\u00e9f\u00e9rence:<\/p>\n<ul>\n<li>Commission des droits de la personne et des droits de la jeunesse, <i>Commentaires sur le projet de loi n\u00b0 23, Loi modifiant principalement la Loi sur l\u2019instruction publique et \u00e9dictant la Loi sur l\u2019Institut national d\u2019excellence en \u00e9ducation<\/i>, 3 octobre 2023, [En ligne].  <u><a href=\"https:\/\/www.cdpdj.qc.ca\/storage\/app\/media\/publications\/commentaires_lettre_PL23_culture-education.pdf\" target=\"_blank\" rel=\"noopener noreferrer\" data-auth=\"NotApplicable\" data-linkindex=\"0\">Commentaires sur le projet de loi n\u00b0 23, Loi modifiant principalement la Loi sur l\u2019instruction publique et \u00e9dictant la Loi sur l\u2019Institut national d\u2019excellence en \u00e9ducation (cdpdj.qc.ca)<\/a><\/u><\/li>\n<\/ul>\n\t\t\t\t\t\t\t\t<\/div>\n\t\t\t\t<\/div>\n\t\t\t\t<div class=\"elementor-element elementor-element-c28f5b6 elementor-widget elementor-widget-button\" data-id=\"c28f5b6\" data-element_type=\"widget\" data-e-type=\"widget\" data-widget_type=\"button.default\">\n\t\t\t\t<div class=\"elementor-widget-container\">\n\t\t\t\t\t\t\t\t\t<div class=\"elementor-button-wrapper\">\n\t\t\t\t\t<a class=\"elementor-button elementor-button-link elementor-size-sm\" href=\"https:\/\/www.cdpdj.qc.ca\/storage\/app\/media\/publications\/commentaires_lettre_PL23_culture-education.pdf\" target=\"_blank\">\n\t\t\t\t\t\t<span class=\"elementor-button-content-wrapper\">\n\t\t\t\t\t\t\t\t\t<span class=\"elementor-button-text\">Consulter les commentaires<\/span>\n\t\t\t\t\t<\/span>\n\t\t\t\t\t<\/a>\n\t\t\t\t<\/div>\n\t\t\t\t\t\t\t\t<\/div>\n\t\t\t\t<\/div>\n\t\t\t\t\t<\/div>\n\t\t<\/div>\n\t\t\t\t\t<\/div>\n\t\t<\/section>\n\t\t\t\t\t<\/div>\n\t\t<\/div>\n\t\t\t\t\t<\/div>\n\t\t<\/section>\n\t\t\t\t<section class=\"elementor-section elementor-top-section elementor-element elementor-element-b5f287c elementor-section-full_width elementor-section-stretched elementor-section-height-default elementor-section-height-default\" data-id=\"b5f287c\" data-element_type=\"section\" data-e-type=\"section\" data-settings=\"{&quot;stretch_section&quot;:&quot;section-stretched&quot;}\">\n\t\t\t\t\t\t<div class=\"elementor-container elementor-column-gap-extended\">\n\t\t\t\t\t<div class=\"elementor-column elementor-col-100 elementor-top-column elementor-element elementor-element-d129762 sc_layouts_column_icons_position_left\" data-id=\"d129762\" data-element_type=\"column\" data-e-type=\"column\">\n\t\t\t<div class=\"elementor-widget-wrap elementor-element-populated\">\n\t\t\t\t\t\t<div class=\"elementor-element elementor-element-55cc657 elementor-align-center elementor-tablet-align-center elementor-mobile-align-left elementor-widget elementor-widget-button\" data-id=\"55cc657\" data-element_type=\"widget\" data-e-type=\"widget\" data-widget_type=\"button.default\">\n\t\t\t\t<div class=\"elementor-widget-container\">\n\t\t\t\t\t\t\t\t\t<div class=\"elementor-button-wrapper\">\n\t\t\t\t\t<a class=\"elementor-button elementor-button-link elementor-size-sm\" href=\"https:\/\/comradespartenariat.com\/en\/publications\/\">\n\t\t\t\t\t\t<span class=\"elementor-button-content-wrapper\">\n\t\t\t\t\t\t\t\t\t<span class=\"elementor-button-text\">Back to the directory<\/span>\n\t\t\t\t\t<\/span>\n\t\t\t\t\t<\/a>\n\t\t\t\t<\/div>\n\t\t\t\t\t\t\t\t<\/div>\n\t\t\t\t<\/div>\n\t\t\t\t\t<\/div>\n\t\t<\/div>\n\t\t\t\t\t<\/div>\n\t\t<\/section>\n\t\t\t\t<\/div>\n\t\t","protected":false},"excerpt":{"rendered":"<p>La CDPDJ publie ses commentaires sur le projet de loi no 23, Loi modifiant principalement la Loi sur l\u2019instruction publique et \u00e9dictant la Loi sur l\u2019Institut national d\u2019excellence en \u00e9ducation&#8230;<\/p>\n","protected":false},"author":3,"featured_media":7158,"comment_status":"closed","ping_status":"open","sticky":false,"template":"elementor_header_footer","format":"standard","meta":{"_eb_attr":"","footnotes":""},"categories":[37],"tags":[],"class_list":["post-7163","post","type-post","status-publish","format-standard","has-post-thumbnail","hentry","category-others"],"yoast_head":"<!-- This site is optimized with the Yoast SEO plugin v27.5 - https:\/\/yoast.com\/product\/yoast-seo-wordpress\/ -->\n<title>Commentaires de la CDPDJ : projet de loi n\u00b0 23 sur l&#039;instruction publique - Communaut&eacute; de recherche-action sur les droits &eacute;conomiques et sociaux<\/title>\n<meta name=\"description\" content=\"Commentaires de la CDPDJ sur le projet de loi n\u00b023, la Loi modifiant principalement la Loi sur l\u2019instruction publique...\" \/>\n<meta name=\"robots\" content=\"index, follow, max-snippet:-1, max-image-preview:large, max-video-preview:-1\" \/>\n<link rel=\"canonical\" href=\"https:\/\/comradespartenariat.com\/commentaires-de-la-cdpdj-projet-de-loi-n-23-sur-linstruction-publique\/\" \/>\n<meta property=\"og:locale\" content=\"en_US\" \/>\n<meta property=\"og:type\" content=\"article\" \/>\n<meta property=\"og:title\" content=\"Commentaires de la CDPDJ : projet de loi n\u00b0 23 sur l&#039;instruction publique - Communaut&eacute; de recherche-action sur les droits &eacute;conomiques et sociaux\" \/>\n<meta property=\"og:description\" content=\"Commentaires de la CDPDJ sur le projet de loi n\u00b023, la Loi modifiant principalement la Loi sur l\u2019instruction publique...\" \/>\n<meta property=\"og:url\" content=\"https:\/\/comradespartenariat.com\/commentaires-de-la-cdpdj-projet-de-loi-n-23-sur-linstruction-publique\/\" \/>\n<meta property=\"og:site_name\" content=\"Communaut&eacute; de recherche-action sur les droits &eacute;conomiques et sociaux\" \/>\n<meta property=\"article:publisher\" content=\"https:\/\/www.facebook.com\/COMRADESul\" \/>\n<meta property=\"article:published_time\" content=\"2024-05-02T18:03:05+00:00\" \/>\n<meta property=\"article:modified_time\" content=\"2024-05-02T18:39:33+00:00\" \/>\n<meta property=\"og:image\" content=\"https:\/\/comradespartenariat.com\/wp-content\/uploads\/2024\/05\/CDPDJ-projet-loi-23.png\" \/>\n\t<meta property=\"og:image:width\" content=\"1436\" \/>\n\t<meta property=\"og:image:height\" content=\"875\" \/>\n\t<meta property=\"og:image:type\" content=\"image\/png\" \/>\n<meta name=\"author\" content=\"camille.betencourt@fd.ulaval.ca\" \/>\n<meta name=\"twitter:card\" content=\"summary_large_image\" \/>\n<meta name=\"twitter:label1\" content=\"Written by\" \/>\n\t<meta name=\"twitter:data1\" content=\"camille.betencourt@fd.ulaval.ca\" \/>\n\t<meta name=\"twitter:label2\" content=\"Est. reading time\" \/>\n\t<meta name=\"twitter:data2\" content=\"1 minute\" \/>\n<script type=\"application\/ld+json\" class=\"yoast-schema-graph\">{\"@context\":\"https:\\\/\\\/schema.org\",\"@graph\":[{\"@type\":\"Article\",\"@id\":\"https:\\\/\\\/comradespartenariat.com\\\/commentaires-de-la-cdpdj-projet-de-loi-n-23-sur-linstruction-publique\\\/#article\",\"isPartOf\":{\"@id\":\"https:\\\/\\\/comradespartenariat.com\\\/commentaires-de-la-cdpdj-projet-de-loi-n-23-sur-linstruction-publique\\\/\"},\"author\":{\"name\":\"camille.betencourt@fd.ulaval.ca\",\"@id\":\"https:\\\/\\\/comradespartenariat.com\\\/#\\\/schema\\\/person\\\/2c25ea793d1e7f137bddc4a5a07a31c8\"},\"headline\":\"Commentaires de la CDPDJ : projet de loi n\u00b0 23 sur l&#8217;instruction publique\",\"datePublished\":\"2024-05-02T18:03:05+00:00\",\"dateModified\":\"2024-05-02T18:39:33+00:00\",\"mainEntityOfPage\":{\"@id\":\"https:\\\/\\\/comradespartenariat.com\\\/commentaires-de-la-cdpdj-projet-de-loi-n-23-sur-linstruction-publique\\\/\"},\"wordCount\":212,\"publisher\":{\"@id\":\"https:\\\/\\\/comradespartenariat.com\\\/#organization\"},\"image\":{\"@id\":\"https:\\\/\\\/comradespartenariat.com\\\/commentaires-de-la-cdpdj-projet-de-loi-n-23-sur-linstruction-publique\\\/#primaryimage\"},\"thumbnailUrl\":\"https:\\\/\\\/comradespartenariat.com\\\/wp-content\\\/uploads\\\/2024\\\/05\\\/CDPDJ-projet-loi-23.png\",\"articleSection\":[\"Others\"],\"inLanguage\":\"en-US\"},{\"@type\":\"WebPage\",\"@id\":\"https:\\\/\\\/comradespartenariat.com\\\/commentaires-de-la-cdpdj-projet-de-loi-n-23-sur-linstruction-publique\\\/\",\"url\":\"https:\\\/\\\/comradespartenariat.com\\\/commentaires-de-la-cdpdj-projet-de-loi-n-23-sur-linstruction-publique\\\/\",\"name\":\"Commentaires de la CDPDJ : projet de loi n\u00b0 23 sur l'instruction publique - Communaut&eacute; de recherche-action sur les droits &eacute;conomiques et sociaux\",\"isPartOf\":{\"@id\":\"https:\\\/\\\/comradespartenariat.com\\\/#website\"},\"primaryImageOfPage\":{\"@id\":\"https:\\\/\\\/comradespartenariat.com\\\/commentaires-de-la-cdpdj-projet-de-loi-n-23-sur-linstruction-publique\\\/#primaryimage\"},\"image\":{\"@id\":\"https:\\\/\\\/comradespartenariat.com\\\/commentaires-de-la-cdpdj-projet-de-loi-n-23-sur-linstruction-publique\\\/#primaryimage\"},\"thumbnailUrl\":\"https:\\\/\\\/comradespartenariat.com\\\/wp-content\\\/uploads\\\/2024\\\/05\\\/CDPDJ-projet-loi-23.png\",\"datePublished\":\"2024-05-02T18:03:05+00:00\",\"dateModified\":\"2024-05-02T18:39:33+00:00\",\"description\":\"Commentaires de la CDPDJ sur le projet de loi n\u00b023, la Loi modifiant principalement la Loi sur l\u2019instruction publique...\",\"breadcrumb\":{\"@id\":\"https:\\\/\\\/comradespartenariat.com\\\/commentaires-de-la-cdpdj-projet-de-loi-n-23-sur-linstruction-publique\\\/#breadcrumb\"},\"inLanguage\":\"en-US\",\"potentialAction\":[{\"@type\":\"ReadAction\",\"target\":[\"https:\\\/\\\/comradespartenariat.com\\\/commentaires-de-la-cdpdj-projet-de-loi-n-23-sur-linstruction-publique\\\/\"]}]},{\"@type\":\"ImageObject\",\"inLanguage\":\"en-US\",\"@id\":\"https:\\\/\\\/comradespartenariat.com\\\/commentaires-de-la-cdpdj-projet-de-loi-n-23-sur-linstruction-publique\\\/#primaryimage\",\"url\":\"https:\\\/\\\/comradespartenariat.com\\\/wp-content\\\/uploads\\\/2024\\\/05\\\/CDPDJ-projet-loi-23.png\",\"contentUrl\":\"https:\\\/\\\/comradespartenariat.com\\\/wp-content\\\/uploads\\\/2024\\\/05\\\/CDPDJ-projet-loi-23.png\",\"width\":1436,\"height\":875,\"caption\":\"CDPDJ projet loi 23\"},{\"@type\":\"BreadcrumbList\",\"@id\":\"https:\\\/\\\/comradespartenariat.com\\\/commentaires-de-la-cdpdj-projet-de-loi-n-23-sur-linstruction-publique\\\/#breadcrumb\",\"itemListElement\":[{\"@type\":\"ListItem\",\"position\":1,\"name\":\"Accueil\",\"item\":\"https:\\\/\\\/comradespartenariat.com\\\/en\\\/\"},{\"@type\":\"ListItem\",\"position\":2,\"name\":\"Commentaires de la CDPDJ : projet de loi n\u00b0 23 sur l&rsquo;instruction publique\"}]},{\"@type\":\"WebSite\",\"@id\":\"https:\\\/\\\/comradespartenariat.com\\\/#website\",\"url\":\"https:\\\/\\\/comradespartenariat.com\\\/\",\"name\":\"Communaut\u00e9 de recherche-action sur les droits \u00e9conomiques et sociaux\",\"description\":\"COMMUNAUT&Eacute; DE RECHERCHE-ACTION SUR LES DROITS &Eacute;CONOMIQUES ET SOCIAUX\",\"publisher\":{\"@id\":\"https:\\\/\\\/comradespartenariat.com\\\/#organization\"},\"potentialAction\":[{\"@type\":\"SearchAction\",\"target\":{\"@type\":\"EntryPoint\",\"urlTemplate\":\"https:\\\/\\\/comradespartenariat.com\\\/?s={search_term_string}\"},\"query-input\":{\"@type\":\"PropertyValueSpecification\",\"valueRequired\":true,\"valueName\":\"search_term_string\"}}],\"inLanguage\":\"en-US\"},{\"@type\":\"Organization\",\"@id\":\"https:\\\/\\\/comradespartenariat.com\\\/#organization\",\"name\":\"Communaut\u00e9 de recherche-action sur les droits \u00e9conomiques et sociaux\",\"url\":\"https:\\\/\\\/comradespartenariat.com\\\/\",\"logo\":{\"@type\":\"ImageObject\",\"inLanguage\":\"en-US\",\"@id\":\"https:\\\/\\\/comradespartenariat.com\\\/#\\\/schema\\\/logo\\\/image\\\/\",\"url\":\"https:\\\/\\\/comradespartenariat.com\\\/wp-content\\\/uploads\\\/2022\\\/09\\\/Medium-moyen.png\",\"contentUrl\":\"https:\\\/\\\/comradespartenariat.com\\\/wp-content\\\/uploads\\\/2022\\\/09\\\/Medium-moyen.png\",\"width\":860,\"height\":219,\"caption\":\"Communaut\u00e9 de recherche-action sur les droits \u00e9conomiques et sociaux\"},\"image\":{\"@id\":\"https:\\\/\\\/comradespartenariat.com\\\/#\\\/schema\\\/logo\\\/image\\\/\"},\"sameAs\":[\"https:\\\/\\\/www.facebook.com\\\/COMRADESul\"]},{\"@type\":\"Person\",\"@id\":\"https:\\\/\\\/comradespartenariat.com\\\/#\\\/schema\\\/person\\\/2c25ea793d1e7f137bddc4a5a07a31c8\",\"name\":\"camille.betencourt@fd.ulaval.ca\",\"image\":{\"@type\":\"ImageObject\",\"inLanguage\":\"en-US\",\"@id\":\"https:\\\/\\\/secure.gravatar.com\\\/avatar\\\/7d532231e4286a3908f2b6e217ed7ec3f1feca179056206fe4bac151bfd6cdb2?s=96&d=mm&r=g\",\"url\":\"https:\\\/\\\/secure.gravatar.com\\\/avatar\\\/7d532231e4286a3908f2b6e217ed7ec3f1feca179056206fe4bac151bfd6cdb2?s=96&d=mm&r=g\",\"contentUrl\":\"https:\\\/\\\/secure.gravatar.com\\\/avatar\\\/7d532231e4286a3908f2b6e217ed7ec3f1feca179056206fe4bac151bfd6cdb2?s=96&d=mm&r=g\",\"caption\":\"camille.betencourt@fd.ulaval.ca\"},\"url\":\"https:\\\/\\\/comradespartenariat.com\\\/en\\\/author\\\/camille-betencourtfd-ulaval-ca\\\/\"}]}<\/script>\n<!-- \/ Yoast SEO plugin. -->","yoast_head_json":{"title":"Commentaires de la CDPDJ : projet de loi n\u00b0 23 sur l'instruction publique - Communaut&eacute; de recherche-action sur les droits &eacute;conomiques et sociaux","description":"Commentaires de la CDPDJ sur le projet de loi n\u00b023, la Loi modifiant principalement la Loi sur l\u2019instruction publique...","robots":{"index":"index","follow":"follow","max-snippet":"max-snippet:-1","max-image-preview":"max-image-preview:large","max-video-preview":"max-video-preview:-1"},"canonical":"https:\/\/comradespartenariat.com\/commentaires-de-la-cdpdj-projet-de-loi-n-23-sur-linstruction-publique\/","og_locale":"en_US","og_type":"article","og_title":"Commentaires de la CDPDJ : projet de loi n\u00b0 23 sur l'instruction publique - Communaut&eacute; de recherche-action sur les droits &eacute;conomiques et sociaux","og_description":"Commentaires de la CDPDJ sur le projet de loi n\u00b023, la Loi modifiant principalement la Loi sur l\u2019instruction publique...","og_url":"https:\/\/comradespartenariat.com\/commentaires-de-la-cdpdj-projet-de-loi-n-23-sur-linstruction-publique\/","og_site_name":"Communaut&eacute; de recherche-action sur les droits &eacute;conomiques et sociaux","article_publisher":"https:\/\/www.facebook.com\/COMRADESul","article_published_time":"2024-05-02T18:03:05+00:00","article_modified_time":"2024-05-02T18:39:33+00:00","og_image":[{"width":1436,"height":875,"url":"https:\/\/comradespartenariat.com\/wp-content\/uploads\/2024\/05\/CDPDJ-projet-loi-23.png","type":"image\/png"}],"author":"camille.betencourt@fd.ulaval.ca","twitter_card":"summary_large_image","twitter_misc":{"Written by":"camille.betencourt@fd.ulaval.ca","Est. reading time":"1 minute"},"schema":{"@context":"https:\/\/schema.org","@graph":[{"@type":"Article","@id":"https:\/\/comradespartenariat.com\/commentaires-de-la-cdpdj-projet-de-loi-n-23-sur-linstruction-publique\/#article","isPartOf":{"@id":"https:\/\/comradespartenariat.com\/commentaires-de-la-cdpdj-projet-de-loi-n-23-sur-linstruction-publique\/"},"author":{"name":"camille.betencourt@fd.ulaval.ca","@id":"https:\/\/comradespartenariat.com\/#\/schema\/person\/2c25ea793d1e7f137bddc4a5a07a31c8"},"headline":"Commentaires de la CDPDJ : projet de loi n\u00b0 23 sur l&#8217;instruction publique","datePublished":"2024-05-02T18:03:05+00:00","dateModified":"2024-05-02T18:39:33+00:00","mainEntityOfPage":{"@id":"https:\/\/comradespartenariat.com\/commentaires-de-la-cdpdj-projet-de-loi-n-23-sur-linstruction-publique\/"},"wordCount":212,"publisher":{"@id":"https:\/\/comradespartenariat.com\/#organization"},"image":{"@id":"https:\/\/comradespartenariat.com\/commentaires-de-la-cdpdj-projet-de-loi-n-23-sur-linstruction-publique\/#primaryimage"},"thumbnailUrl":"https:\/\/comradespartenariat.com\/wp-content\/uploads\/2024\/05\/CDPDJ-projet-loi-23.png","articleSection":["Others"],"inLanguage":"en-US"},{"@type":"WebPage","@id":"https:\/\/comradespartenariat.com\/commentaires-de-la-cdpdj-projet-de-loi-n-23-sur-linstruction-publique\/","url":"https:\/\/comradespartenariat.com\/commentaires-de-la-cdpdj-projet-de-loi-n-23-sur-linstruction-publique\/","name":"Commentaires de la CDPDJ : projet de loi n\u00b0 23 sur l'instruction publique - Communaut&eacute; de recherche-action sur les droits &eacute;conomiques et sociaux","isPartOf":{"@id":"https:\/\/comradespartenariat.com\/#website"},"primaryImageOfPage":{"@id":"https:\/\/comradespartenariat.com\/commentaires-de-la-cdpdj-projet-de-loi-n-23-sur-linstruction-publique\/#primaryimage"},"image":{"@id":"https:\/\/comradespartenariat.com\/commentaires-de-la-cdpdj-projet-de-loi-n-23-sur-linstruction-publique\/#primaryimage"},"thumbnailUrl":"https:\/\/comradespartenariat.com\/wp-content\/uploads\/2024\/05\/CDPDJ-projet-loi-23.png","datePublished":"2024-05-02T18:03:05+00:00","dateModified":"2024-05-02T18:39:33+00:00","description":"Commentaires de la CDPDJ sur le projet de loi n\u00b023, la Loi modifiant principalement la Loi sur l\u2019instruction publique...","breadcrumb":{"@id":"https:\/\/comradespartenariat.com\/commentaires-de-la-cdpdj-projet-de-loi-n-23-sur-linstruction-publique\/#breadcrumb"},"inLanguage":"en-US","potentialAction":[{"@type":"ReadAction","target":["https:\/\/comradespartenariat.com\/commentaires-de-la-cdpdj-projet-de-loi-n-23-sur-linstruction-publique\/"]}]},{"@type":"ImageObject","inLanguage":"en-US","@id":"https:\/\/comradespartenariat.com\/commentaires-de-la-cdpdj-projet-de-loi-n-23-sur-linstruction-publique\/#primaryimage","url":"https:\/\/comradespartenariat.com\/wp-content\/uploads\/2024\/05\/CDPDJ-projet-loi-23.png","contentUrl":"https:\/\/comradespartenariat.com\/wp-content\/uploads\/2024\/05\/CDPDJ-projet-loi-23.png","width":1436,"height":875,"caption":"CDPDJ projet loi 23"},{"@type":"BreadcrumbList","@id":"https:\/\/comradespartenariat.com\/commentaires-de-la-cdpdj-projet-de-loi-n-23-sur-linstruction-publique\/#breadcrumb","itemListElement":[{"@type":"ListItem","position":1,"name":"Accueil","item":"https:\/\/comradespartenariat.com\/en\/"},{"@type":"ListItem","position":2,"name":"Commentaires de la CDPDJ : projet de loi n\u00b0 23 sur l&rsquo;instruction publique"}]},{"@type":"WebSite","@id":"https:\/\/comradespartenariat.com\/#website","url":"https:\/\/comradespartenariat.com\/","name":"Communaut\u00e9 de recherche-action sur les droits \u00e9conomiques et sociaux","description":"COMMUNAUT&Eacute; DE RECHERCHE-ACTION SUR LES DROITS &Eacute;CONOMIQUES ET SOCIAUX","publisher":{"@id":"https:\/\/comradespartenariat.com\/#organization"},"potentialAction":[{"@type":"SearchAction","target":{"@type":"EntryPoint","urlTemplate":"https:\/\/comradespartenariat.com\/?s={search_term_string}"},"query-input":{"@type":"PropertyValueSpecification","valueRequired":true,"valueName":"search_term_string"}}],"inLanguage":"en-US"},{"@type":"Organization","@id":"https:\/\/comradespartenariat.com\/#organization","name":"Communaut\u00e9 de recherche-action sur les droits \u00e9conomiques et sociaux","url":"https:\/\/comradespartenariat.com\/","logo":{"@type":"ImageObject","inLanguage":"en-US","@id":"https:\/\/comradespartenariat.com\/#\/schema\/logo\/image\/","url":"https:\/\/comradespartenariat.com\/wp-content\/uploads\/2022\/09\/Medium-moyen.png","contentUrl":"https:\/\/comradespartenariat.com\/wp-content\/uploads\/2022\/09\/Medium-moyen.png","width":860,"height":219,"caption":"Communaut\u00e9 de recherche-action sur les droits \u00e9conomiques et sociaux"},"image":{"@id":"https:\/\/comradespartenariat.com\/#\/schema\/logo\/image\/"},"sameAs":["https:\/\/www.facebook.com\/COMRADESul"]},{"@type":"Person","@id":"https:\/\/comradespartenariat.com\/#\/schema\/person\/2c25ea793d1e7f137bddc4a5a07a31c8","name":"camille.betencourt@fd.ulaval.ca","image":{"@type":"ImageObject","inLanguage":"en-US","@id":"https:\/\/secure.gravatar.com\/avatar\/7d532231e4286a3908f2b6e217ed7ec3f1feca179056206fe4bac151bfd6cdb2?s=96&d=mm&r=g","url":"https:\/\/secure.gravatar.com\/avatar\/7d532231e4286a3908f2b6e217ed7ec3f1feca179056206fe4bac151bfd6cdb2?s=96&d=mm&r=g","contentUrl":"https:\/\/secure.gravatar.com\/avatar\/7d532231e4286a3908f2b6e217ed7ec3f1feca179056206fe4bac151bfd6cdb2?s=96&d=mm&r=g","caption":"camille.betencourt@fd.ulaval.ca"},"url":"https:\/\/comradespartenariat.com\/en\/author\/camille-betencourtfd-ulaval-ca\/"}]}},"_links":{"self":[{"href":"https:\/\/comradespartenariat.com\/en\/wp-json\/wp\/v2\/posts\/7163","targetHints":{"allow":["GET"]}}],"collection":[{"href":"https:\/\/comradespartenariat.com\/en\/wp-json\/wp\/v2\/posts"}],"about":[{"href":"https:\/\/comradespartenariat.com\/en\/wp-json\/wp\/v2\/types\/post"}],"author":[{"embeddable":true,"href":"https:\/\/comradespartenariat.com\/en\/wp-json\/wp\/v2\/users\/3"}],"replies":[{"embeddable":true,"href":"https:\/\/comradespartenariat.com\/en\/wp-json\/wp\/v2\/comments?post=7163"}],"version-history":[{"count":2,"href":"https:\/\/comradespartenariat.com\/en\/wp-json\/wp\/v2\/posts\/7163\/revisions"}],"predecessor-version":[{"id":7178,"href":"https:\/\/comradespartenariat.com\/en\/wp-json\/wp\/v2\/posts\/7163\/revisions\/7178"}],"wp:featuredmedia":[{"embeddable":true,"href":"https:\/\/comradespartenariat.com\/en\/wp-json\/wp\/v2\/media\/7158"}],"wp:attachment":[{"href":"https:\/\/comradespartenariat.com\/en\/wp-json\/wp\/v2\/media?parent=7163"}],"wp:term":[{"taxonomy":"category","embeddable":true,"href":"https:\/\/comradespartenariat.com\/en\/wp-json\/wp\/v2\/categories?post=7163"},{"taxonomy":"post_tag","embeddable":true,"href":"https:\/\/comradespartenariat.com\/en\/wp-json\/wp\/v2\/tags?post=7163"}],"curies":[{"name":"wp","href":"https:\/\/api.w.org\/{rel}","templated":true}]}}