{"id":7764,"date":"2025-01-08T19:23:02","date_gmt":"2025-01-09T00:23:02","guid":{"rendered":"https:\/\/comradespartenariat.com\/blog\/2025\/01\/08\/imaginer-une-ville-des-droits-humains-nouveau-numero-de-la-revue-droits-libertes\/"},"modified":"2025-01-08T19:32:27","modified_gmt":"2025-01-09T00:32:27","slug":"imaginer-une-ville-des-droits-humains-nouveau-numero-de-la-revue-droits-libertes","status":"publish","type":"post","link":"https:\/\/comradespartenariat.com\/en\/imaginer-une-ville-des-droits-humains-nouveau-numero-de-la-revue-droits-libertes\/","title":{"rendered":"\u00ab Imaginer une ville des droits humains \u00bb : nouveau num\u00e9ro de la revue Droits &amp; libert\u00e9s"},"content":{"rendered":"\t\t<div data-elementor-type=\"wp-post\" data-elementor-id=\"7764\" class=\"elementor elementor-7764 elementor-7754\" data-elementor-post-type=\"post\">\n\t\t\t\t\t\t<section class=\"elementor-section elementor-top-section elementor-element elementor-element-1acfd0bf elementor-section-stretched elementor-section-boxed elementor-section-height-default elementor-section-height-default\" data-id=\"1acfd0bf\" data-element_type=\"section\" data-e-type=\"section\" data-settings=\"{&quot;stretch_section&quot;:&quot;section-stretched&quot;}\">\n\t\t\t\t\t\t<div class=\"elementor-container elementor-column-gap-default\">\n\t\t\t\t\t<div class=\"elementor-column elementor-col-100 elementor-top-column elementor-element elementor-element-1a278e5f sc_layouts_column_icons_position_left\" data-id=\"1a278e5f\" data-element_type=\"column\" data-e-type=\"column\">\n\t\t\t<div class=\"elementor-widget-wrap elementor-element-populated\">\n\t\t\t\t\t\t<section class=\"elementor-section elementor-inner-section elementor-element elementor-element-4c3c5b3f elementor-section-boxed elementor-section-height-default elementor-section-height-default elementor-invisible\" data-id=\"4c3c5b3f\" data-element_type=\"section\" data-e-type=\"section\" data-settings=\"{&quot;animation&quot;:&quot;fadeInUp&quot;}\">\n\t\t\t\t\t\t<div class=\"elementor-container elementor-column-gap-extended\">\n\t\t\t\t\t<div class=\"elementor-column elementor-col-50 elementor-inner-column elementor-element elementor-element-469f70db sc_layouts_column_icons_position_left\" data-id=\"469f70db\" data-element_type=\"column\" data-e-type=\"column\">\n\t\t\t<div class=\"elementor-widget-wrap elementor-element-populated\">\n\t\t\t\t\t\t<div class=\"elementor-element elementor-element-6c529752 elementor-widget elementor-widget-image\" data-id=\"6c529752\" data-element_type=\"widget\" data-e-type=\"widget\" data-widget_type=\"image.default\">\n\t\t\t\t<div class=\"elementor-widget-container\">\n\t\t\t\t\t\t\t\t\t\t\t\t\t\t\t<img fetchpriority=\"high\" decoding=\"async\" width=\"1362\" height=\"1320\" src=\"https:\/\/comradespartenariat.com\/wp-content\/uploads\/2025\/01\/ville-et-droits-humains.png\" class=\"attachment-full size-full wp-image-7756\" alt=\"ville et droits humains\" srcset=\"https:\/\/comradespartenariat.com\/wp-content\/uploads\/2025\/01\/ville-et-droits-humains.png 1362w, https:\/\/comradespartenariat.com\/wp-content\/uploads\/2025\/01\/ville-et-droits-humains-300x291.png 300w, https:\/\/comradespartenariat.com\/wp-content\/uploads\/2025\/01\/ville-et-droits-humains-1024x992.png 1024w, https:\/\/comradespartenariat.com\/wp-content\/uploads\/2025\/01\/ville-et-droits-humains-768x744.png 768w, https:\/\/comradespartenariat.com\/wp-content\/uploads\/2025\/01\/ville-et-droits-humains-370x359.png 370w, https:\/\/comradespartenariat.com\/wp-content\/uploads\/2025\/01\/ville-et-droits-humains-804x779.png 804w, https:\/\/comradespartenariat.com\/wp-content\/uploads\/2025\/01\/ville-et-droits-humains-407x394.png 407w, https:\/\/comradespartenariat.com\/wp-content\/uploads\/2025\/01\/ville-et-droits-humains-814x789.png 814w\" sizes=\"(max-width: 1362px) 100vw, 1362px\" \/>\t\t\t\t\t\t\t\t\t\t\t\t\t\t\t<\/div>\n\t\t\t\t<\/div>\n\t\t\t\t\t<\/div>\n\t\t<\/div>\n\t\t\t\t<div class=\"elementor-column elementor-col-50 elementor-inner-column elementor-element elementor-element-47faec0 sc_layouts_column_icons_position_left\" data-id=\"47faec0\" data-element_type=\"column\" data-e-type=\"column\">\n\t\t\t<div class=\"elementor-widget-wrap elementor-element-populated\">\n\t\t\t\t\t\t<div class=\"elementor-element elementor-element-12f991fb elementor-widget elementor-widget-heading\" data-id=\"12f991fb\" data-element_type=\"widget\" data-e-type=\"widget\" data-widget_type=\"heading.default\">\n\t\t\t\t<div class=\"elementor-widget-container\">\n\t\t\t\t\t<h3 class=\"elementor-heading-title elementor-size-default\">\u00ab Imaginer une ville des droits humains \u00bb : nouveau num\u00e9ro de la revue Droits &amp; libert\u00e9s<\/h3>\t\t\t\t<\/div>\n\t\t\t\t<\/div>\n\t\t\t\t<div class=\"elementor-element elementor-element-e1ad97e elementor-widget elementor-widget-text-editor\" data-id=\"e1ad97e\" data-element_type=\"widget\" data-e-type=\"widget\" data-widget_type=\"text-editor.default\">\n\t\t\t\t<div class=\"elementor-widget-container\">\n\t\t\t\t\t\t\t\t\t<p>La <a href=\"https:\/\/liguedesdroits.ca\/\">Ligue des droits et libert\u00e9s<\/a>, organisme partenaire de COMRADES, consacre le num\u00e9ro automne 2024 \/ hiver 2025 de la <a href=\"https:\/\/liguedesdroits.ca\/cat\/revue\/\">revue Droits et libert\u00e9s <\/a>aux enjeux de droits humains dans les villes au Qu\u00e9bec.<\/p>\n<p>\u00ab Au sein des villes, tous et toutes ne sont pas \u00e9gaux. Les in\u00e9galit\u00e9s existent et persistent dans le temps concernant l\u2019acc\u00e8s au transport, aux emplois, \u00e0 l\u2019espace public, au logement ou \u00e0 l\u2019exercice de la citoyennet\u00e9, par exemple. Les municipalit\u00e9s sont appel\u00e9es \u00e0 jouer un r\u00f4le de plus en plus important dans l\u2019\u00e9laboration de politiques, de programmes et d\u2019initiatives pour relever les d\u00e9fis actuels et futurs, qui sont vastes et urgents, comme les enjeux environnementaux. Ce palier gouvernemental peut assurer le respect, la protection et la mise en oeuvre des droits humains et contribuer positivement \u00e0 la transformation sociale. \u00bb<\/p>\n<p>Voir le num\u00e9ro : <span style=\"text-decoration: underline;\"><a href=\"https:\/\/liguedesdroits.ca\/imaginer_une_ville_des_droits_humains\/\">cliquez ici<\/a><\/span><\/p>\n<ul>\n<li>\u00ab Imaginer une ville des droits humains \u00bb (2024) 43:2 R ligue dr &amp; libert\u00e9<\/li>\n<\/ul>\n\t\t\t\t\t\t\t\t<\/div>\n\t\t\t\t<\/div>\n\t\t\t\t<div class=\"elementor-element elementor-element-c28f5b6 elementor-widget elementor-widget-button\" data-id=\"c28f5b6\" data-element_type=\"widget\" data-e-type=\"widget\" data-widget_type=\"button.default\">\n\t\t\t\t<div class=\"elementor-widget-container\">\n\t\t\t\t\t\t\t\t\t<div class=\"elementor-button-wrapper\">\n\t\t\t\t\t<a class=\"elementor-button elementor-button-link elementor-size-sm\" href=\"https:\/\/liguedesdroits.ca\/education-et-droits-humains\/\" target=\"_blank\">\n\t\t\t\t\t\t<span class=\"elementor-button-content-wrapper\">\n\t\t\t\t\t\t\t\t\t<span class=\"elementor-button-text\">Learn more<\/span>\n\t\t\t\t\t<\/span>\n\t\t\t\t\t<\/a>\n\t\t\t\t<\/div>\n\t\t\t\t\t\t\t\t<\/div>\n\t\t\t\t<\/div>\n\t\t\t\t\t<\/div>\n\t\t<\/div>\n\t\t\t\t\t<\/div>\n\t\t<\/section>\n\t\t\t\t\t<\/div>\n\t\t<\/div>\n\t\t\t\t\t<\/div>\n\t\t<\/section>\n\t\t\t\t<section class=\"elementor-section elementor-top-section elementor-element elementor-element-b5f287c elementor-section-full_width elementor-section-stretched elementor-section-height-default elementor-section-height-default\" data-id=\"b5f287c\" data-element_type=\"section\" data-e-type=\"section\" data-settings=\"{&quot;stretch_section&quot;:&quot;section-stretched&quot;}\">\n\t\t\t\t\t\t<div class=\"elementor-container elementor-column-gap-extended\">\n\t\t\t\t\t<div class=\"elementor-column elementor-col-100 elementor-top-column elementor-element elementor-element-d129762 sc_layouts_column_icons_position_left\" data-id=\"d129762\" data-element_type=\"column\" data-e-type=\"column\">\n\t\t\t<div class=\"elementor-widget-wrap elementor-element-populated\">\n\t\t\t\t\t\t<div class=\"elementor-element elementor-element-55cc657 elementor-align-center elementor-tablet-align-center elementor-mobile-align-left elementor-widget elementor-widget-button\" data-id=\"55cc657\" data-element_type=\"widget\" data-e-type=\"widget\" data-widget_type=\"button.default\">\n\t\t\t\t<div class=\"elementor-widget-container\">\n\t\t\t\t\t\t\t\t\t<div class=\"elementor-button-wrapper\">\n\t\t\t\t\t<a class=\"elementor-button elementor-button-link elementor-size-sm\" href=\"https:\/\/comradespartenariat.com\/en\/publications\/\">\n\t\t\t\t\t\t<span class=\"elementor-button-content-wrapper\">\n\t\t\t\t\t\t\t\t\t<span class=\"elementor-button-text\">Back to the directory<\/span>\n\t\t\t\t\t<\/span>\n\t\t\t\t\t<\/a>\n\t\t\t\t<\/div>\n\t\t\t\t\t\t\t\t<\/div>\n\t\t\t\t<\/div>\n\t\t\t\t\t<\/div>\n\t\t<\/div>\n\t\t\t\t\t<\/div>\n\t\t<\/section>\n\t\t\t\t<\/div>\n\t\t","protected":false},"excerpt":{"rendered":"<p>La Ligue des droits et libert\u00e9s consacre le num\u00e9ro automne 2024 \/ hiver 2025 de la revue Droits et libert\u00e9s aux enjeux de droits humains dans les villes&#8230;<\/p>\n","protected":false},"author":3,"featured_media":7756,"comment_status":"closed","ping_status":"open","sticky":false,"template":"elementor_header_footer","format":"standard","meta":{"_eb_attr":"","footnotes":""},"categories":[36],"tags":[],"class_list":["post-7764","post","type-post","status-publish","format-standard","has-post-thumbnail","hentry","category-periodical-articles"],"yoast_head":"<!-- This site is optimized with the Yoast SEO plugin v27.5 - https:\/\/yoast.com\/product\/yoast-seo-wordpress\/ -->\n<title>\u00ab Imaginer une ville des droits humains \u00bb : nouveau num\u00e9ro de la revue Droits &amp; libert\u00e9s - Communaut&eacute; de recherche-action sur les droits &eacute;conomiques et sociaux<\/title>\n<meta name=\"description\" content=\"La Ligue des droits et libert\u00e9s consacre le num\u00e9ro automne 2024 \/ hiver 2025 de la revue Droits &amp; libert\u00e9s \u00e0 imaginer une ville des droits humains\" \/>\n<meta name=\"robots\" content=\"index, follow, max-snippet:-1, max-image-preview:large, max-video-preview:-1\" \/>\n<link rel=\"canonical\" href=\"https:\/\/comradespartenariat.com\/imaginer-une-ville-des-droits-humains-nouveau-numero-de-la-revue-droits-libertes\/\" \/>\n<meta property=\"og:locale\" content=\"en_US\" \/>\n<meta property=\"og:type\" content=\"article\" \/>\n<meta property=\"og:title\" content=\"\u00ab Imaginer une ville des droits humains \u00bb : nouveau num\u00e9ro de la revue Droits &amp; libert\u00e9s - Communaut&eacute; de recherche-action sur les droits &eacute;conomiques et sociaux\" \/>\n<meta property=\"og:description\" content=\"La Ligue des droits et libert\u00e9s consacre le num\u00e9ro automne 2024 \/ hiver 2025 de la revue Droits &amp; libert\u00e9s \u00e0 imaginer une ville des droits humains\" \/>\n<meta property=\"og:url\" content=\"https:\/\/comradespartenariat.com\/imaginer-une-ville-des-droits-humains-nouveau-numero-de-la-revue-droits-libertes\/\" \/>\n<meta property=\"og:site_name\" content=\"Communaut&eacute; de recherche-action sur les droits &eacute;conomiques et sociaux\" \/>\n<meta property=\"article:publisher\" content=\"https:\/\/www.facebook.com\/COMRADESul\" \/>\n<meta property=\"article:published_time\" content=\"2025-01-09T00:23:02+00:00\" \/>\n<meta property=\"article:modified_time\" content=\"2025-01-09T00:32:27+00:00\" \/>\n<meta property=\"og:image\" content=\"https:\/\/comradespartenariat.com\/wp-content\/uploads\/2025\/01\/ville-et-droits-humains.png\" \/>\n\t<meta property=\"og:image:width\" content=\"1362\" \/>\n\t<meta property=\"og:image:height\" content=\"1320\" \/>\n\t<meta property=\"og:image:type\" content=\"image\/png\" \/>\n<meta name=\"author\" content=\"camille.betencourt@fd.ulaval.ca\" \/>\n<meta name=\"twitter:card\" content=\"summary_large_image\" \/>\n<meta name=\"twitter:label1\" content=\"Written by\" \/>\n\t<meta name=\"twitter:data1\" content=\"camille.betencourt@fd.ulaval.ca\" \/>\n\t<meta name=\"twitter:label2\" content=\"Est. reading time\" \/>\n\t<meta name=\"twitter:data2\" content=\"1 minute\" \/>\n<script type=\"application\/ld+json\" class=\"yoast-schema-graph\">{\"@context\":\"https:\\\/\\\/schema.org\",\"@graph\":[{\"@type\":\"Article\",\"@id\":\"https:\\\/\\\/comradespartenariat.com\\\/imaginer-une-ville-des-droits-humains-nouveau-numero-de-la-revue-droits-libertes\\\/#article\",\"isPartOf\":{\"@id\":\"https:\\\/\\\/comradespartenariat.com\\\/imaginer-une-ville-des-droits-humains-nouveau-numero-de-la-revue-droits-libertes\\\/\"},\"author\":{\"name\":\"camille.betencourt@fd.ulaval.ca\",\"@id\":\"https:\\\/\\\/comradespartenariat.com\\\/#\\\/schema\\\/person\\\/2c25ea793d1e7f137bddc4a5a07a31c8\"},\"headline\":\"\u00ab Imaginer une ville des droits humains \u00bb : nouveau num\u00e9ro de la revue Droits &amp; libert\u00e9s\",\"datePublished\":\"2025-01-09T00:23:02+00:00\",\"dateModified\":\"2025-01-09T00:32:27+00:00\",\"mainEntityOfPage\":{\"@id\":\"https:\\\/\\\/comradespartenariat.com\\\/imaginer-une-ville-des-droits-humains-nouveau-numero-de-la-revue-droits-libertes\\\/\"},\"wordCount\":197,\"publisher\":{\"@id\":\"https:\\\/\\\/comradespartenariat.com\\\/#organization\"},\"image\":{\"@id\":\"https:\\\/\\\/comradespartenariat.com\\\/imaginer-une-ville-des-droits-humains-nouveau-numero-de-la-revue-droits-libertes\\\/#primaryimage\"},\"thumbnailUrl\":\"https:\\\/\\\/comradespartenariat.com\\\/wp-content\\\/uploads\\\/2025\\\/01\\\/ville-et-droits-humains.png\",\"articleSection\":[\"Periodical articles\"],\"inLanguage\":\"en-US\"},{\"@type\":\"WebPage\",\"@id\":\"https:\\\/\\\/comradespartenariat.com\\\/imaginer-une-ville-des-droits-humains-nouveau-numero-de-la-revue-droits-libertes\\\/\",\"url\":\"https:\\\/\\\/comradespartenariat.com\\\/imaginer-une-ville-des-droits-humains-nouveau-numero-de-la-revue-droits-libertes\\\/\",\"name\":\"\u00ab Imaginer une ville des droits humains \u00bb : nouveau num\u00e9ro de la revue Droits &amp; libert\u00e9s - Communaut&eacute; de recherche-action sur les droits &eacute;conomiques et sociaux\",\"isPartOf\":{\"@id\":\"https:\\\/\\\/comradespartenariat.com\\\/#website\"},\"primaryImageOfPage\":{\"@id\":\"https:\\\/\\\/comradespartenariat.com\\\/imaginer-une-ville-des-droits-humains-nouveau-numero-de-la-revue-droits-libertes\\\/#primaryimage\"},\"image\":{\"@id\":\"https:\\\/\\\/comradespartenariat.com\\\/imaginer-une-ville-des-droits-humains-nouveau-numero-de-la-revue-droits-libertes\\\/#primaryimage\"},\"thumbnailUrl\":\"https:\\\/\\\/comradespartenariat.com\\\/wp-content\\\/uploads\\\/2025\\\/01\\\/ville-et-droits-humains.png\",\"datePublished\":\"2025-01-09T00:23:02+00:00\",\"dateModified\":\"2025-01-09T00:32:27+00:00\",\"description\":\"La Ligue des droits et libert\u00e9s consacre le num\u00e9ro automne 2024 \\\/ hiver 2025 de la revue Droits & libert\u00e9s \u00e0 imaginer une ville des droits humains\",\"breadcrumb\":{\"@id\":\"https:\\\/\\\/comradespartenariat.com\\\/imaginer-une-ville-des-droits-humains-nouveau-numero-de-la-revue-droits-libertes\\\/#breadcrumb\"},\"inLanguage\":\"en-US\",\"potentialAction\":[{\"@type\":\"ReadAction\",\"target\":[\"https:\\\/\\\/comradespartenariat.com\\\/imaginer-une-ville-des-droits-humains-nouveau-numero-de-la-revue-droits-libertes\\\/\"]}]},{\"@type\":\"ImageObject\",\"inLanguage\":\"en-US\",\"@id\":\"https:\\\/\\\/comradespartenariat.com\\\/imaginer-une-ville-des-droits-humains-nouveau-numero-de-la-revue-droits-libertes\\\/#primaryimage\",\"url\":\"https:\\\/\\\/comradespartenariat.com\\\/wp-content\\\/uploads\\\/2025\\\/01\\\/ville-et-droits-humains.png\",\"contentUrl\":\"https:\\\/\\\/comradespartenariat.com\\\/wp-content\\\/uploads\\\/2025\\\/01\\\/ville-et-droits-humains.png\",\"width\":1362,\"height\":1320,\"caption\":\"ville et droits humains\"},{\"@type\":\"BreadcrumbList\",\"@id\":\"https:\\\/\\\/comradespartenariat.com\\\/imaginer-une-ville-des-droits-humains-nouveau-numero-de-la-revue-droits-libertes\\\/#breadcrumb\",\"itemListElement\":[{\"@type\":\"ListItem\",\"position\":1,\"name\":\"Accueil\",\"item\":\"https:\\\/\\\/comradespartenariat.com\\\/en\\\/\"},{\"@type\":\"ListItem\",\"position\":2,\"name\":\"\u00ab Imaginer une ville des droits humains \u00bb : nouveau num\u00e9ro de la revue Droits &amp; libert\u00e9s\"}]},{\"@type\":\"WebSite\",\"@id\":\"https:\\\/\\\/comradespartenariat.com\\\/#website\",\"url\":\"https:\\\/\\\/comradespartenariat.com\\\/\",\"name\":\"Communaut\u00e9 de recherche-action sur les droits \u00e9conomiques et sociaux\",\"description\":\"COMMUNAUT&Eacute; DE RECHERCHE-ACTION SUR LES DROITS &Eacute;CONOMIQUES ET SOCIAUX\",\"publisher\":{\"@id\":\"https:\\\/\\\/comradespartenariat.com\\\/#organization\"},\"potentialAction\":[{\"@type\":\"SearchAction\",\"target\":{\"@type\":\"EntryPoint\",\"urlTemplate\":\"https:\\\/\\\/comradespartenariat.com\\\/?s={search_term_string}\"},\"query-input\":{\"@type\":\"PropertyValueSpecification\",\"valueRequired\":true,\"valueName\":\"search_term_string\"}}],\"inLanguage\":\"en-US\"},{\"@type\":\"Organization\",\"@id\":\"https:\\\/\\\/comradespartenariat.com\\\/#organization\",\"name\":\"Communaut\u00e9 de recherche-action sur les droits \u00e9conomiques et sociaux\",\"url\":\"https:\\\/\\\/comradespartenariat.com\\\/\",\"logo\":{\"@type\":\"ImageObject\",\"inLanguage\":\"en-US\",\"@id\":\"https:\\\/\\\/comradespartenariat.com\\\/#\\\/schema\\\/logo\\\/image\\\/\",\"url\":\"https:\\\/\\\/comradespartenariat.com\\\/wp-content\\\/uploads\\\/2022\\\/09\\\/Medium-moyen.png\",\"contentUrl\":\"https:\\\/\\\/comradespartenariat.com\\\/wp-content\\\/uploads\\\/2022\\\/09\\\/Medium-moyen.png\",\"width\":860,\"height\":219,\"caption\":\"Communaut\u00e9 de recherche-action sur les droits \u00e9conomiques et sociaux\"},\"image\":{\"@id\":\"https:\\\/\\\/comradespartenariat.com\\\/#\\\/schema\\\/logo\\\/image\\\/\"},\"sameAs\":[\"https:\\\/\\\/www.facebook.com\\\/COMRADESul\"]},{\"@type\":\"Person\",\"@id\":\"https:\\\/\\\/comradespartenariat.com\\\/#\\\/schema\\\/person\\\/2c25ea793d1e7f137bddc4a5a07a31c8\",\"name\":\"camille.betencourt@fd.ulaval.ca\",\"image\":{\"@type\":\"ImageObject\",\"inLanguage\":\"en-US\",\"@id\":\"https:\\\/\\\/secure.gravatar.com\\\/avatar\\\/7d532231e4286a3908f2b6e217ed7ec3f1feca179056206fe4bac151bfd6cdb2?s=96&d=mm&r=g\",\"url\":\"https:\\\/\\\/secure.gravatar.com\\\/avatar\\\/7d532231e4286a3908f2b6e217ed7ec3f1feca179056206fe4bac151bfd6cdb2?s=96&d=mm&r=g\",\"contentUrl\":\"https:\\\/\\\/secure.gravatar.com\\\/avatar\\\/7d532231e4286a3908f2b6e217ed7ec3f1feca179056206fe4bac151bfd6cdb2?s=96&d=mm&r=g\",\"caption\":\"camille.betencourt@fd.ulaval.ca\"},\"url\":\"https:\\\/\\\/comradespartenariat.com\\\/en\\\/author\\\/camille-betencourtfd-ulaval-ca\\\/\"}]}<\/script>\n<!-- \/ Yoast SEO plugin. -->","yoast_head_json":{"title":"\u00ab Imaginer une ville des droits humains \u00bb : nouveau num\u00e9ro de la revue Droits &amp; libert\u00e9s - Communaut&eacute; de recherche-action sur les droits &eacute;conomiques et sociaux","description":"La Ligue des droits et libert\u00e9s consacre le num\u00e9ro automne 2024 \/ hiver 2025 de la revue Droits & libert\u00e9s \u00e0 imaginer une ville des droits humains","robots":{"index":"index","follow":"follow","max-snippet":"max-snippet:-1","max-image-preview":"max-image-preview:large","max-video-preview":"max-video-preview:-1"},"canonical":"https:\/\/comradespartenariat.com\/imaginer-une-ville-des-droits-humains-nouveau-numero-de-la-revue-droits-libertes\/","og_locale":"en_US","og_type":"article","og_title":"\u00ab Imaginer une ville des droits humains \u00bb : nouveau num\u00e9ro de la revue Droits &amp; libert\u00e9s - Communaut&eacute; de recherche-action sur les droits &eacute;conomiques et sociaux","og_description":"La Ligue des droits et libert\u00e9s consacre le num\u00e9ro automne 2024 \/ hiver 2025 de la revue Droits & libert\u00e9s \u00e0 imaginer une ville des droits humains","og_url":"https:\/\/comradespartenariat.com\/imaginer-une-ville-des-droits-humains-nouveau-numero-de-la-revue-droits-libertes\/","og_site_name":"Communaut&eacute; de recherche-action sur les droits &eacute;conomiques et sociaux","article_publisher":"https:\/\/www.facebook.com\/COMRADESul","article_published_time":"2025-01-09T00:23:02+00:00","article_modified_time":"2025-01-09T00:32:27+00:00","og_image":[{"width":1362,"height":1320,"url":"https:\/\/comradespartenariat.com\/wp-content\/uploads\/2025\/01\/ville-et-droits-humains.png","type":"image\/png"}],"author":"camille.betencourt@fd.ulaval.ca","twitter_card":"summary_large_image","twitter_misc":{"Written by":"camille.betencourt@fd.ulaval.ca","Est. reading time":"1 minute"},"schema":{"@context":"https:\/\/schema.org","@graph":[{"@type":"Article","@id":"https:\/\/comradespartenariat.com\/imaginer-une-ville-des-droits-humains-nouveau-numero-de-la-revue-droits-libertes\/#article","isPartOf":{"@id":"https:\/\/comradespartenariat.com\/imaginer-une-ville-des-droits-humains-nouveau-numero-de-la-revue-droits-libertes\/"},"author":{"name":"camille.betencourt@fd.ulaval.ca","@id":"https:\/\/comradespartenariat.com\/#\/schema\/person\/2c25ea793d1e7f137bddc4a5a07a31c8"},"headline":"\u00ab Imaginer une ville des droits humains \u00bb : nouveau num\u00e9ro de la revue Droits &amp; libert\u00e9s","datePublished":"2025-01-09T00:23:02+00:00","dateModified":"2025-01-09T00:32:27+00:00","mainEntityOfPage":{"@id":"https:\/\/comradespartenariat.com\/imaginer-une-ville-des-droits-humains-nouveau-numero-de-la-revue-droits-libertes\/"},"wordCount":197,"publisher":{"@id":"https:\/\/comradespartenariat.com\/#organization"},"image":{"@id":"https:\/\/comradespartenariat.com\/imaginer-une-ville-des-droits-humains-nouveau-numero-de-la-revue-droits-libertes\/#primaryimage"},"thumbnailUrl":"https:\/\/comradespartenariat.com\/wp-content\/uploads\/2025\/01\/ville-et-droits-humains.png","articleSection":["Periodical articles"],"inLanguage":"en-US"},{"@type":"WebPage","@id":"https:\/\/comradespartenariat.com\/imaginer-une-ville-des-droits-humains-nouveau-numero-de-la-revue-droits-libertes\/","url":"https:\/\/comradespartenariat.com\/imaginer-une-ville-des-droits-humains-nouveau-numero-de-la-revue-droits-libertes\/","name":"\u00ab Imaginer une ville des droits humains \u00bb : nouveau num\u00e9ro de la revue Droits &amp; libert\u00e9s - Communaut&eacute; de recherche-action sur les droits &eacute;conomiques et sociaux","isPartOf":{"@id":"https:\/\/comradespartenariat.com\/#website"},"primaryImageOfPage":{"@id":"https:\/\/comradespartenariat.com\/imaginer-une-ville-des-droits-humains-nouveau-numero-de-la-revue-droits-libertes\/#primaryimage"},"image":{"@id":"https:\/\/comradespartenariat.com\/imaginer-une-ville-des-droits-humains-nouveau-numero-de-la-revue-droits-libertes\/#primaryimage"},"thumbnailUrl":"https:\/\/comradespartenariat.com\/wp-content\/uploads\/2025\/01\/ville-et-droits-humains.png","datePublished":"2025-01-09T00:23:02+00:00","dateModified":"2025-01-09T00:32:27+00:00","description":"La Ligue des droits et libert\u00e9s consacre le num\u00e9ro automne 2024 \/ hiver 2025 de la revue Droits & libert\u00e9s \u00e0 imaginer une ville des droits humains","breadcrumb":{"@id":"https:\/\/comradespartenariat.com\/imaginer-une-ville-des-droits-humains-nouveau-numero-de-la-revue-droits-libertes\/#breadcrumb"},"inLanguage":"en-US","potentialAction":[{"@type":"ReadAction","target":["https:\/\/comradespartenariat.com\/imaginer-une-ville-des-droits-humains-nouveau-numero-de-la-revue-droits-libertes\/"]}]},{"@type":"ImageObject","inLanguage":"en-US","@id":"https:\/\/comradespartenariat.com\/imaginer-une-ville-des-droits-humains-nouveau-numero-de-la-revue-droits-libertes\/#primaryimage","url":"https:\/\/comradespartenariat.com\/wp-content\/uploads\/2025\/01\/ville-et-droits-humains.png","contentUrl":"https:\/\/comradespartenariat.com\/wp-content\/uploads\/2025\/01\/ville-et-droits-humains.png","width":1362,"height":1320,"caption":"ville et droits humains"},{"@type":"BreadcrumbList","@id":"https:\/\/comradespartenariat.com\/imaginer-une-ville-des-droits-humains-nouveau-numero-de-la-revue-droits-libertes\/#breadcrumb","itemListElement":[{"@type":"ListItem","position":1,"name":"Accueil","item":"https:\/\/comradespartenariat.com\/en\/"},{"@type":"ListItem","position":2,"name":"\u00ab Imaginer une ville des droits humains \u00bb : nouveau num\u00e9ro de la revue Droits &amp; libert\u00e9s"}]},{"@type":"WebSite","@id":"https:\/\/comradespartenariat.com\/#website","url":"https:\/\/comradespartenariat.com\/","name":"Communaut\u00e9 de recherche-action sur les droits \u00e9conomiques et sociaux","description":"COMMUNAUT&Eacute; DE RECHERCHE-ACTION SUR LES DROITS &Eacute;CONOMIQUES ET SOCIAUX","publisher":{"@id":"https:\/\/comradespartenariat.com\/#organization"},"potentialAction":[{"@type":"SearchAction","target":{"@type":"EntryPoint","urlTemplate":"https:\/\/comradespartenariat.com\/?s={search_term_string}"},"query-input":{"@type":"PropertyValueSpecification","valueRequired":true,"valueName":"search_term_string"}}],"inLanguage":"en-US"},{"@type":"Organization","@id":"https:\/\/comradespartenariat.com\/#organization","name":"Communaut\u00e9 de recherche-action sur les droits \u00e9conomiques et sociaux","url":"https:\/\/comradespartenariat.com\/","logo":{"@type":"ImageObject","inLanguage":"en-US","@id":"https:\/\/comradespartenariat.com\/#\/schema\/logo\/image\/","url":"https:\/\/comradespartenariat.com\/wp-content\/uploads\/2022\/09\/Medium-moyen.png","contentUrl":"https:\/\/comradespartenariat.com\/wp-content\/uploads\/2022\/09\/Medium-moyen.png","width":860,"height":219,"caption":"Communaut\u00e9 de recherche-action sur les droits \u00e9conomiques et sociaux"},"image":{"@id":"https:\/\/comradespartenariat.com\/#\/schema\/logo\/image\/"},"sameAs":["https:\/\/www.facebook.com\/COMRADESul"]},{"@type":"Person","@id":"https:\/\/comradespartenariat.com\/#\/schema\/person\/2c25ea793d1e7f137bddc4a5a07a31c8","name":"camille.betencourt@fd.ulaval.ca","image":{"@type":"ImageObject","inLanguage":"en-US","@id":"https:\/\/secure.gravatar.com\/avatar\/7d532231e4286a3908f2b6e217ed7ec3f1feca179056206fe4bac151bfd6cdb2?s=96&d=mm&r=g","url":"https:\/\/secure.gravatar.com\/avatar\/7d532231e4286a3908f2b6e217ed7ec3f1feca179056206fe4bac151bfd6cdb2?s=96&d=mm&r=g","contentUrl":"https:\/\/secure.gravatar.com\/avatar\/7d532231e4286a3908f2b6e217ed7ec3f1feca179056206fe4bac151bfd6cdb2?s=96&d=mm&r=g","caption":"camille.betencourt@fd.ulaval.ca"},"url":"https:\/\/comradespartenariat.com\/en\/author\/camille-betencourtfd-ulaval-ca\/"}]}},"_links":{"self":[{"href":"https:\/\/comradespartenariat.com\/en\/wp-json\/wp\/v2\/posts\/7764","targetHints":{"allow":["GET"]}}],"collection":[{"href":"https:\/\/comradespartenariat.com\/en\/wp-json\/wp\/v2\/posts"}],"about":[{"href":"https:\/\/comradespartenariat.com\/en\/wp-json\/wp\/v2\/types\/post"}],"author":[{"embeddable":true,"href":"https:\/\/comradespartenariat.com\/en\/wp-json\/wp\/v2\/users\/3"}],"replies":[{"embeddable":true,"href":"https:\/\/comradespartenariat.com\/en\/wp-json\/wp\/v2\/comments?post=7764"}],"version-history":[{"count":1,"href":"https:\/\/comradespartenariat.com\/en\/wp-json\/wp\/v2\/posts\/7764\/revisions"}],"predecessor-version":[{"id":7765,"href":"https:\/\/comradespartenariat.com\/en\/wp-json\/wp\/v2\/posts\/7764\/revisions\/7765"}],"wp:featuredmedia":[{"embeddable":true,"href":"https:\/\/comradespartenariat.com\/en\/wp-json\/wp\/v2\/media\/7756"}],"wp:attachment":[{"href":"https:\/\/comradespartenariat.com\/en\/wp-json\/wp\/v2\/media?parent=7764"}],"wp:term":[{"taxonomy":"category","embeddable":true,"href":"https:\/\/comradespartenariat.com\/en\/wp-json\/wp\/v2\/categories?post=7764"},{"taxonomy":"post_tag","embeddable":true,"href":"https:\/\/comradespartenariat.com\/en\/wp-json\/wp\/v2\/tags?post=7764"}],"curies":[{"name":"wp","href":"https:\/\/api.w.org\/{rel}","templated":true}]}}